{"id":3112,"date":"2023-10-18T11:19:47","date_gmt":"2023-10-18T15:19:47","guid":{"rendered":"https:\/\/jornaloalvorada.com.br\/site\/?p=3112"},"modified":"2023-10-18T11:19:50","modified_gmt":"2023-10-18T15:19:50","slug":"vendas-no-comercio-recuam-02-em-agosto-diz-ibge","status":"publish","type":"post","link":"https:\/\/jornaloalvorada.com.br\/site\/2023\/10\/18\/vendas-no-comercio-recuam-02-em-agosto-diz-ibge\/","title":{"rendered":"Vendas no com\u00e9rcio recuam 0,2% em agosto, diz IBGE"},"content":{"rendered":"\n<p><div class=\"container\" dir=\"ltr\" lang=\"pt-br\"><div class=\"content\">         <div class=\"moz-reader-content reader-show-element\"><div id=\"readability-page-1\" class=\"page\"><div>                                                               <p>As  vendas no com\u00e9rcio brasileiro recuaram 0,2% em agosto na compara\u00e7\u00e3o com  julho. O dado faz parte da Pesquisa Mensal do Com\u00e9rcio (PMC), divulgada  nesta quarta-feira (18) pelo Instituto Brasileiro de Geografia e  Estat\u00edstica (IBGE). Por ser bem pr\u00f3ximo de zero, o resultado \u00e9  considerado est\u00e1vel.<img decoding=\"async\" src=\"https:\/\/agenciabrasil.ebc.com.br\/ebc.png?id=1561401&amp;o=node\"><img decoding=\"async\" src=\"https:\/\/agenciabrasil.ebc.com.br\/ebc.gif?id=1561401&amp;o=node\"><\/p> <p>Dos oito meses apurados este ano, foram quatro de estabilidade e tr\u00eas  de volatidade baixa, explica Cristiano Santos, o gerente da pesquisa.  \u201cA leitura para agosto \u00e9 estabilidade, ap\u00f3s um alta de baixa amplitude  (0,7%) em julho\u201d, aponta.<\/p> <p>Em rela\u00e7\u00e3o a agosto de 2022, o volume de vendas cresce 2,3%. No acumulado de 12 meses, a alta \u00e9 de 1,7%.<\/p> <p>Metade dos oito setores pesquisados teve n\u00fameros negativos: outros  artigos de uso pessoal e dom\u00e9stico (-4,8%), livros, jornais, revistas e  papelaria (-3,2%), m\u00f3veis e eletrodom\u00e9sticos (-2,2%) e tecidos,  vestu\u00e1rio e cal\u00e7ados (-0,4%).<\/p> <h2>Crise nas varejistas<\/h2> <p>\u201cAo longo do ano, at\u00e9 agosto, grandes cadeias de lojas vivem crises  cont\u00e1beis e est\u00e3o passando por redu\u00e7\u00e3o no n\u00famero de lojas\u201d, cita  Cristiano Santos para contextualizar a queda nas vendas.<\/p> <p>Na outra ponta, ficaram no azul os setores hiper, supermercados,  produtos aliment\u00edcios, bebidas e fumo (0,9%), combust\u00edveis e  lubrificantes (0,9%), equipamentos e material para escrit\u00f3rio,  inform\u00e1tica e comunica\u00e7\u00e3o (0,2%), e artigos farmac\u00eauticos, m\u00e9dicos,  ortop\u00e9dicos e de perfumaria (0,1%).<\/p> <h2>Desacelera\u00e7\u00e3o da infla\u00e7\u00e3o<\/h2> <p>Hiper, supermercados, produtos aliment\u00edcios, bebidas e fumo  apresentaram a terceira alta seguida. \u201cIsso tem a ver com a  desacelera\u00e7\u00e3o da infla\u00e7\u00e3o na parte aliment\u00edcia. O efeito da infla\u00e7\u00e3o  acaba tendo impacto na atividade, com maior renda para o consumidor  adquirir produtos\u201d, avalia o pesquisador do IBGE.<\/p> <p>No com\u00e9rcio varejista ampliado, que inclui ve\u00edculos, motos, partes e  pe\u00e7as, material de constru\u00e7\u00e3o e atacado especializado em produtos  aliment\u00edcios, bebidas e fumo, as vendas recuaram 1,3% na compara\u00e7\u00e3o com  julho, mas apresentam crescimento de 2,7% no acumulado de 12 meses.<\/p>         <\/div><\/div><\/div><em>Ag\u00eancia Brasil       <\/em><\/div><\/div><\/p>\n","protected":false},"excerpt":{"rendered":"<p>As vendas no com\u00e9rcio brasileiro recuaram 0,2% em agosto na compara\u00e7\u00e3o com julho. O dado faz parte da Pesquisa Mensal<\/p>\n","protected":false},"author":1,"featured_media":3113,"comment_status":"open","ping_status":"open","sticky":false,"template":"","format":"standard","meta":{"footnotes":""},"categories":[2],"tags":[],"class_list":["post-3112","post","type-post","status-publish","format-standard","has-post-thumbnail","hentry","category-noticias"],"_links":{"self":[{"href":"https:\/\/jornaloalvorada.com.br\/site\/wp-json\/wp\/v2\/posts\/3112","targetHints":{"allow":["GET"]}}],"collection":[{"href":"https:\/\/jornaloalvorada.com.br\/site\/wp-json\/wp\/v2\/posts"}],"about":[{"href":"https:\/\/jornaloalvorada.com.br\/site\/wp-json\/wp\/v2\/types\/post"}],"author":[{"embeddable":true,"href":"https:\/\/jornaloalvorada.com.br\/site\/wp-json\/wp\/v2\/users\/1"}],"replies":[{"embeddable":true,"href":"https:\/\/jornaloalvorada.com.br\/site\/wp-json\/wp\/v2\/comments?post=3112"}],"version-history":[{"count":1,"href":"https:\/\/jornaloalvorada.com.br\/site\/wp-json\/wp\/v2\/posts\/3112\/revisions"}],"predecessor-version":[{"id":3114,"href":"https:\/\/jornaloalvorada.com.br\/site\/wp-json\/wp\/v2\/posts\/3112\/revisions\/3114"}],"wp:featuredmedia":[{"embeddable":true,"href":"https:\/\/jornaloalvorada.com.br\/site\/wp-json\/wp\/v2\/media\/3113"}],"wp:attachment":[{"href":"https:\/\/jornaloalvorada.com.br\/site\/wp-json\/wp\/v2\/media?parent=3112"}],"wp:term":[{"taxonomy":"category","embeddable":true,"href":"https:\/\/jornaloalvorada.com.br\/site\/wp-json\/wp\/v2\/categories?post=3112"},{"taxonomy":"post_tag","embeddable":true,"href":"https:\/\/jornaloalvorada.com.br\/site\/wp-json\/wp\/v2\/tags?post=3112"}],"curies":[{"name":"wp","href":"https:\/\/api.w.org\/{rel}","templated":true}]}}