{"id":3104,"date":"2023-10-18T11:04:50","date_gmt":"2023-10-18T15:04:50","guid":{"rendered":"https:\/\/jornaloalvorada.com.br\/site\/?p=3104"},"modified":"2023-10-18T11:04:59","modified_gmt":"2023-10-18T15:04:59","slug":"policia-militar-intensifica-a-repressao-ao-trafico-de-drogas-em-nova-alvorada-do-sul","status":"publish","type":"post","link":"https:\/\/jornaloalvorada.com.br\/site\/2023\/10\/18\/policia-militar-intensifica-a-repressao-ao-trafico-de-drogas-em-nova-alvorada-do-sul\/","title":{"rendered":"Pol\u00edcia Militar intensifica a repress\u00e3o ao tr\u00e1fico de drogas em Nova Alvorada do Sul"},"content":{"rendered":"\n<p>Nos \u00faltimos sete dias, foram tr\u00eas ocorr\u00eancias de tr\u00e1fico de drogas, uma no dia 10, outra dia 14 e a \u00faltima no dia 17. Foram presos em flagrante, quatro maiores de idade e uma adolescente apreendida. As drogas apreendidas foram cerca de 219 gramas de coca\u00edna, 12,9 gramas de Crack e 53 gramas de maconha. Somando-se os valores final pelo pre\u00e7o praticado em Nova Alvorada do Sul, essas drogas seriam suficientes para arrecadar a quantia de 23.276,00 R$. tamb\u00e9m foram apreendidos sete aparelhos celular e 887 reais em dinheiro. Todos os envolvidos e os materiais apreendidos foram apresentados \u00e0 Policia Civil, onde foram autuados em Flagrante.<\/p>\n","protected":false},"excerpt":{"rendered":"<p>Nos \u00faltimos sete dias, foram tr\u00eas ocorr\u00eancias de tr\u00e1fico de drogas, uma no dia 10, outra dia 14 e a<\/p>\n","protected":false},"author":1,"featured_media":3105,"comment_status":"open","ping_status":"open","sticky":false,"template":"","format":"standard","meta":{"footnotes":""},"categories":[2],"tags":[],"class_list":["post-3104","post","type-post","status-publish","format-standard","has-post-thumbnail","hentry","category-noticias"],"_links":{"self":[{"href":"https:\/\/jornaloalvorada.com.br\/site\/wp-json\/wp\/v2\/posts\/3104","targetHints":{"allow":["GET"]}}],"collection":[{"href":"https:\/\/jornaloalvorada.com.br\/site\/wp-json\/wp\/v2\/posts"}],"about":[{"href":"https:\/\/jornaloalvorada.com.br\/site\/wp-json\/wp\/v2\/types\/post"}],"author":[{"embeddable":true,"href":"https:\/\/jornaloalvorada.com.br\/site\/wp-json\/wp\/v2\/users\/1"}],"replies":[{"embeddable":true,"href":"https:\/\/jornaloalvorada.com.br\/site\/wp-json\/wp\/v2\/comments?post=3104"}],"version-history":[{"count":1,"href":"https:\/\/jornaloalvorada.com.br\/site\/wp-json\/wp\/v2\/posts\/3104\/revisions"}],"predecessor-version":[{"id":3106,"href":"https:\/\/jornaloalvorada.com.br\/site\/wp-json\/wp\/v2\/posts\/3104\/revisions\/3106"}],"wp:featuredmedia":[{"embeddable":true,"href":"https:\/\/jornaloalvorada.com.br\/site\/wp-json\/wp\/v2\/media\/3105"}],"wp:attachment":[{"href":"https:\/\/jornaloalvorada.com.br\/site\/wp-json\/wp\/v2\/media?parent=3104"}],"wp:term":[{"taxonomy":"category","embeddable":true,"href":"https:\/\/jornaloalvorada.com.br\/site\/wp-json\/wp\/v2\/categories?post=3104"},{"taxonomy":"post_tag","embeddable":true,"href":"https:\/\/jornaloalvorada.com.br\/site\/wp-json\/wp\/v2\/tags?post=3104"}],"curies":[{"name":"wp","href":"https:\/\/api.w.org\/{rel}","templated":true}]}}