{"id":3098,"date":"2023-10-17T14:24:58","date_gmt":"2023-10-17T18:24:58","guid":{"rendered":"https:\/\/jornaloalvorada.com.br\/site\/?p=3098"},"modified":"2023-10-17T17:25:54","modified_gmt":"2023-10-17T21:25:54","slug":"bairro-vacilio-dias-recebe-mais-uma-etapa-de-pavimentacao-asfaltica","status":"publish","type":"post","link":"https:\/\/jornaloalvorada.com.br\/site\/2023\/10\/17\/bairro-vacilio-dias-recebe-mais-uma-etapa-de-pavimentacao-asfaltica\/","title":{"rendered":"Obras de pavimenta\u00e7\u00e3o asf\u00e1ltica est\u00e3o em ritmo avan\u00e7ado no Bairro Vacilio Dias em Nova Alvorada do Sul"},"content":{"rendered":"\n<p>As obras de pavimenta\u00e7\u00e3o no Bairro Vacilio Dias, em Nova Alvorada do Sul, est\u00e3o em ritmo acelerado. O projeto, que conta com investimento de R$ 3,4 milh\u00f5es, est\u00e1 dividido em v\u00e1rias etapas, incluindo drenagem, terraplanagem e coloca\u00e7\u00e3o da base para in\u00edcio da pavimenta\u00e7\u00e3o.<\/p>\n\n\n\n<p>A primeira etapa das obras, que consiste na drenagem, j\u00e1 est\u00e1 em fase de conclus\u00e3o. As equipes est\u00e3o trabalhando na instala\u00e7\u00e3o das manilhas de concreto para melhorar o escoamento das \u00e1guas pluviais.<\/p>\n\n\n\n<p>A segunda etapa, que consiste na terraplanagem, j\u00e1 est\u00e1 acontecendo em algumas das ruas.<\/p>\n\n\n\n<p>A terceira e \u00faltima etapa, que consiste na pavimenta\u00e7\u00e3o asf\u00e1ltica, est\u00e1 prevista para come\u00e7ar em breve. A pavimenta\u00e7\u00e3o asf\u00e1ltica ir\u00e1 melhorar muito a mobilidade e a qualidade de vida dos moradores do bairro.<\/p>\n\n\n\n<p>O prefeito Jos\u00e9 Paulo Paleari ressaltou a import\u00e2ncia do investimento para o bairro: &#8220;Estamos trabalhando para melhorar a infraestrutura de Nova Alvorada do Sul, e as obras de pavimenta\u00e7\u00e3o no Bairro Vacilio Dias s\u00e3o um exemplo disso. Essas obras ir\u00e3o melhorar a mobilidade e a qualidade de vida dos moradores do bairro.&#8221;<\/p>\n\n\n\n<p>Al\u00e9m do Bairro Vacilio Dias, outros dois bairros da cidade e o Distrito Pana tamb\u00e9m est\u00e3o sendo contemplados com projetos de pavimenta\u00e7\u00e3o. A Prefeitura de Nova Alvorada do Sul est\u00e1 investindo em infraestrutura para melhorar a qualidade de vida da popula\u00e7\u00e3o.<\/p>\n\n\n\n<figure class=\"wp-block-image size-full\"><img loading=\"lazy\" decoding=\"async\" width=\"482\" height=\"643\" src=\"https:\/\/jornaloalvorada.com.br\/site\/wp-content\/uploads\/2023\/10\/image-33.png\" alt=\"\" class=\"wp-image-3101\" srcset=\"https:\/\/jornaloalvorada.com.br\/site\/wp-content\/uploads\/2023\/10\/image-33.png 482w, https:\/\/jornaloalvorada.com.br\/site\/wp-content\/uploads\/2023\/10\/image-33-225x300.png 225w\" sizes=\"auto, (max-width: 482px) 100vw, 482px\" \/><\/figure>\n","protected":false},"excerpt":{"rendered":"<p>As obras de pavimenta\u00e7\u00e3o no Bairro Vacilio Dias, em Nova Alvorada do Sul, est\u00e3o em ritmo acelerado. O projeto, que<\/p>\n","protected":false},"author":1,"featured_media":3099,"comment_status":"open","ping_status":"open","sticky":false,"template":"","format":"standard","meta":{"footnotes":""},"categories":[2],"tags":[],"class_list":["post-3098","post","type-post","status-publish","format-standard","has-post-thumbnail","hentry","category-noticias"],"_links":{"self":[{"href":"https:\/\/jornaloalvorada.com.br\/site\/wp-json\/wp\/v2\/posts\/3098","targetHints":{"allow":["GET"]}}],"collection":[{"href":"https:\/\/jornaloalvorada.com.br\/site\/wp-json\/wp\/v2\/posts"}],"about":[{"href":"https:\/\/jornaloalvorada.com.br\/site\/wp-json\/wp\/v2\/types\/post"}],"author":[{"embeddable":true,"href":"https:\/\/jornaloalvorada.com.br\/site\/wp-json\/wp\/v2\/users\/1"}],"replies":[{"embeddable":true,"href":"https:\/\/jornaloalvorada.com.br\/site\/wp-json\/wp\/v2\/comments?post=3098"}],"version-history":[{"count":3,"href":"https:\/\/jornaloalvorada.com.br\/site\/wp-json\/wp\/v2\/posts\/3098\/revisions"}],"predecessor-version":[{"id":3103,"href":"https:\/\/jornaloalvorada.com.br\/site\/wp-json\/wp\/v2\/posts\/3098\/revisions\/3103"}],"wp:featuredmedia":[{"embeddable":true,"href":"https:\/\/jornaloalvorada.com.br\/site\/wp-json\/wp\/v2\/media\/3099"}],"wp:attachment":[{"href":"https:\/\/jornaloalvorada.com.br\/site\/wp-json\/wp\/v2\/media?parent=3098"}],"wp:term":[{"taxonomy":"category","embeddable":true,"href":"https:\/\/jornaloalvorada.com.br\/site\/wp-json\/wp\/v2\/categories?post=3098"},{"taxonomy":"post_tag","embeddable":true,"href":"https:\/\/jornaloalvorada.com.br\/site\/wp-json\/wp\/v2\/tags?post=3098"}],"curies":[{"name":"wp","href":"https:\/\/api.w.org\/{rel}","templated":true}]}}