{"id":3095,"date":"2023-10-17T09:47:11","date_gmt":"2023-10-17T13:47:11","guid":{"rendered":"https:\/\/jornaloalvorada.com.br\/site\/?p=3095"},"modified":"2023-10-17T09:47:13","modified_gmt":"2023-10-17T13:47:13","slug":"em-entrevista-ao-conexao-cidade-prefeito-jose-paleari-fala-sobre-o-1o-congresso-dos-municipios-de-ms","status":"publish","type":"post","link":"https:\/\/jornaloalvorada.com.br\/site\/2023\/10\/17\/em-entrevista-ao-conexao-cidade-prefeito-jose-paleari-fala-sobre-o-1o-congresso-dos-municipios-de-ms\/","title":{"rendered":"Em entrevista ao Conex\u00e3o Cidade, prefeito Jos\u00e9 Paleari fala sobre o 1\u00ba Congresso dos Munic\u00edpios de MS"},"content":{"rendered":"\n<p><span class=\"x193iq5w xeuugli x13faqbe x1vvkbs x1xmvt09 x1lliihq x1s928wv xhkezso x1gmr53x x1cpjm7i x1fgarty x1943h6x xudqn12 x3x7a5m x6prxxf xvq8zen xo1l8bm xzsf02u\" dir=\"auto\">Entrevista  para o Jornalista Lupercio Marques do Conex\u00e3o Cidade, falando sobre o 1  Congresso dos Munic\u00edpios de MS, realizado pela Assomasul e sobre a  nossa gest\u00e3o em Nova Alvorada do Sul.<\/span><\/p>\n\n\n\n<p><span class=\"x193iq5w xeuugli x13faqbe x1vvkbs x1xmvt09 x1lliihq x1s928wv xhkezso x1gmr53x x1cpjm7i x1fgarty x1943h6x xudqn12 x3x7a5m x6prxxf xvq8zen xo1l8bm xzsf02u\" dir=\"auto\">Na oportunidade recebi pelo segundo ano consecutivo o trof\u00e9u governador Reinaldo Azambuja &#8211; Destaque Pol\u00edtico, que ser\u00e1 entregue no evento Golden Night &#8211; 2023.<\/span><\/p>\n\n\n\n<iframe loading=\"lazy\" src=\"https:\/\/www.facebook.com\/plugins\/video.php?height=316&#038;href=https%3A%2F%2Fwww.facebook.com%2Fjppaleari%2Fvideos%2F271363148619520%2F&#038;show_text=false&#038;width=560&#038;t=0\" width=\"560\" height=\"316\" style=\"border:none;overflow:hidden\" scrolling=\"no\" frameborder=\"0\" allowfullscreen=\"true\" allow=\"autoplay; clipboard-write; encrypted-media; picture-in-picture; web-share\" allowFullScreen=\"true\"><\/iframe>\n","protected":false},"excerpt":{"rendered":"<p>Entrevista para o Jornalista Lupercio Marques do Conex\u00e3o Cidade, falando sobre o 1 Congresso dos Munic\u00edpios de MS, realizado pela<\/p>\n","protected":false},"author":1,"featured_media":3096,"comment_status":"open","ping_status":"open","sticky":false,"template":"","format":"standard","meta":{"footnotes":""},"categories":[2],"tags":[],"class_list":["post-3095","post","type-post","status-publish","format-standard","has-post-thumbnail","hentry","category-noticias"],"_links":{"self":[{"href":"https:\/\/jornaloalvorada.com.br\/site\/wp-json\/wp\/v2\/posts\/3095","targetHints":{"allow":["GET"]}}],"collection":[{"href":"https:\/\/jornaloalvorada.com.br\/site\/wp-json\/wp\/v2\/posts"}],"about":[{"href":"https:\/\/jornaloalvorada.com.br\/site\/wp-json\/wp\/v2\/types\/post"}],"author":[{"embeddable":true,"href":"https:\/\/jornaloalvorada.com.br\/site\/wp-json\/wp\/v2\/users\/1"}],"replies":[{"embeddable":true,"href":"https:\/\/jornaloalvorada.com.br\/site\/wp-json\/wp\/v2\/comments?post=3095"}],"version-history":[{"count":1,"href":"https:\/\/jornaloalvorada.com.br\/site\/wp-json\/wp\/v2\/posts\/3095\/revisions"}],"predecessor-version":[{"id":3097,"href":"https:\/\/jornaloalvorada.com.br\/site\/wp-json\/wp\/v2\/posts\/3095\/revisions\/3097"}],"wp:featuredmedia":[{"embeddable":true,"href":"https:\/\/jornaloalvorada.com.br\/site\/wp-json\/wp\/v2\/media\/3096"}],"wp:attachment":[{"href":"https:\/\/jornaloalvorada.com.br\/site\/wp-json\/wp\/v2\/media?parent=3095"}],"wp:term":[{"taxonomy":"category","embeddable":true,"href":"https:\/\/jornaloalvorada.com.br\/site\/wp-json\/wp\/v2\/categories?post=3095"},{"taxonomy":"post_tag","embeddable":true,"href":"https:\/\/jornaloalvorada.com.br\/site\/wp-json\/wp\/v2\/tags?post=3095"}],"curies":[{"name":"wp","href":"https:\/\/api.w.org\/{rel}","templated":true}]}}