{"id":3087,"date":"2023-10-17T09:09:12","date_gmt":"2023-10-17T13:09:12","guid":{"rendered":"https:\/\/jornaloalvorada.com.br\/site\/?p=3087"},"modified":"2023-10-17T09:09:14","modified_gmt":"2023-10-17T13:09:14","slug":"tentando-retomar-vitorias-brasil-enfrenta-uruguai-em-montevideu","status":"publish","type":"post","link":"https:\/\/jornaloalvorada.com.br\/site\/2023\/10\/17\/tentando-retomar-vitorias-brasil-enfrenta-uruguai-em-montevideu\/","title":{"rendered":"Tentando retomar vit\u00f3rias, Brasil enfrenta Uruguai em Montevid\u00e9u"},"content":{"rendered":"\n<p>A sele\u00e7\u00e3o brasileira comandada pelo t\u00e9cnico Fernando Diniz enfrenta o Uruguai, a partir das 21h (hor\u00e1rio de Bras\u00edlia) desta ter\u00e7a-feira (17) no est\u00e1dio Centen\u00e1rio, em Montevid\u00e9u, naquele que pode ser considerado o seu maior desafio at\u00e9 aqui nas Eliminat\u00f3rias Sul-Americana para a Copa do Mundo de 2026. <\/p>\n\n\n\n<p>Ap\u00f3s triunfar diante da Bol\u00edvia (por 5 a 1 na estreia) e da sele\u00e7\u00e3o peruana (por 1 a 0), a equipe canarinho empatou com a Venezuela (em 1 a 1) em partida disputada na \u00faltima quinta-feira (12) em plena Arena Pantanal, em Cuiab\u00e1, com uma atua\u00e7\u00e3o muito ruim. Com isto, o Brasil caiu para a segunda posi\u00e7\u00e3o da classifica\u00e7\u00e3o da competi\u00e7\u00e3o com sete pontos, dois a menos do que a l\u00edder Argentina.<\/p>\n\n\n\n<p>Agora, diante de um Uruguai renovado (comandada pelo inventivo t\u00e9cnico Marcelo Bielsa e que n\u00e3o aposta mais nos experientes atacantes Edinson Cavani e Luis Suarez), o t\u00e9cnico Fernando Diniz deve promover mudan\u00e7as em sua equipe titular que lhe permitam buscar a vit\u00f3ria mesmo atuando fora de casa diante de um forte advers\u00e1rio.<\/p>\n\n\n\n<p>A primeira troca ser\u00e1 feita por necessidade, com a entrada do lateral Yan Couto no lugar do lesionado Danilo. Al\u00e9m disso, Guilherme Arana d\u00e1 lugar a Carlos Augusto, enquanto Richarlison perde a vaga para Gabriel Jesus. Com isso, o Brasil deve entrar em campo com: Ederson; Yan Couto, Marquinhos, Gabriel Magalh\u00e3es e Carlos Augusto; Casemiro, Bruno Guimar\u00e3es e Neymar; Rodrygo, Vin\u00edcius J\u00fanior e Gabriel Jesus.<\/p>\n\n\n\n<p>Mesmo com as mudan\u00e7as, o t\u00e9cnico Fernando Diniz n\u00e3o espera facilidades no jogo disputado em Montevid\u00e9u: \u201cEspero um jogo muito dif\u00edcil, com as duas equipes procurando o protagonismo. Acho que tem as caracter\u00edsticas do [Marcelo] Bielsa, que todos conhecem. A minha tamb\u00e9m \u00e9. Ent\u00e3o, teremos um jogo muito disputado\u201d.<\/p>\n\n\n\n<h2 class=\"wp-block-heading\">Uruguai renovado<\/h2>\n\n\n\n<p>Assim como o Brasil, ap\u00f3s a disputa da Copa do Mundo do Catar a sele\u00e7\u00e3o do Uruguai apostou em uma mudan\u00e7a de comando. Se, no Brasil, Tite foi sucedido por Fernando Diniz, e quem sabe pelo italiano Carlo Ancelotti, no Uruguai Marcelo Bielsa foi o escolhido para entrar no lugar de Diego Alonso, que seguiu para o comando do Sevilla (Espanha).<\/p>\n\n\n\n<p>Por\u00e9m, as mudan\u00e7as na Celeste Ol\u00edmpica n\u00e3o se restringiram ao comando t\u00e9cnico da equipe, mas se apresentam tamb\u00e9m dentro das quatro linhas. A dupla de experientes atacantes Edinson Cavani e Luis Suarez ainda n\u00e3o foi convocada para as Eliminat\u00f3rias. No lugar deles a aposta tem sido no jovem Darwin N\u00fa\u00f1ez, que defende o Liverpool (Inglaterra). Nesse novo Uruguai, o meia-atacante Agust\u00edn Canobbio, do Athletico-PR, e o volante Federico Valverde, do Real Madrid (Espanha), tamb\u00e9m ocupam posi\u00e7\u00f5es de destaque.<\/p>\n\n\n\n<p><em>Fonte: Ag\u00eancia Brasil<\/em><\/p>\n","protected":false},"excerpt":{"rendered":"<p>A sele\u00e7\u00e3o brasileira comandada pelo t\u00e9cnico Fernando Diniz enfrenta o Uruguai, a partir das 21h (hor\u00e1rio de Bras\u00edlia) desta ter\u00e7a-feira<\/p>\n","protected":false},"author":1,"featured_media":3088,"comment_status":"open","ping_status":"open","sticky":false,"template":"","format":"standard","meta":{"footnotes":""},"categories":[2],"tags":[],"class_list":["post-3087","post","type-post","status-publish","format-standard","has-post-thumbnail","hentry","category-noticias"],"_links":{"self":[{"href":"https:\/\/jornaloalvorada.com.br\/site\/wp-json\/wp\/v2\/posts\/3087","targetHints":{"allow":["GET"]}}],"collection":[{"href":"https:\/\/jornaloalvorada.com.br\/site\/wp-json\/wp\/v2\/posts"}],"about":[{"href":"https:\/\/jornaloalvorada.com.br\/site\/wp-json\/wp\/v2\/types\/post"}],"author":[{"embeddable":true,"href":"https:\/\/jornaloalvorada.com.br\/site\/wp-json\/wp\/v2\/users\/1"}],"replies":[{"embeddable":true,"href":"https:\/\/jornaloalvorada.com.br\/site\/wp-json\/wp\/v2\/comments?post=3087"}],"version-history":[{"count":1,"href":"https:\/\/jornaloalvorada.com.br\/site\/wp-json\/wp\/v2\/posts\/3087\/revisions"}],"predecessor-version":[{"id":3089,"href":"https:\/\/jornaloalvorada.com.br\/site\/wp-json\/wp\/v2\/posts\/3087\/revisions\/3089"}],"wp:featuredmedia":[{"embeddable":true,"href":"https:\/\/jornaloalvorada.com.br\/site\/wp-json\/wp\/v2\/media\/3088"}],"wp:attachment":[{"href":"https:\/\/jornaloalvorada.com.br\/site\/wp-json\/wp\/v2\/media?parent=3087"}],"wp:term":[{"taxonomy":"category","embeddable":true,"href":"https:\/\/jornaloalvorada.com.br\/site\/wp-json\/wp\/v2\/categories?post=3087"},{"taxonomy":"post_tag","embeddable":true,"href":"https:\/\/jornaloalvorada.com.br\/site\/wp-json\/wp\/v2\/tags?post=3087"}],"curies":[{"name":"wp","href":"https:\/\/api.w.org\/{rel}","templated":true}]}}