{"id":3082,"date":"2023-10-17T08:49:34","date_gmt":"2023-10-17T12:49:34","guid":{"rendered":"https:\/\/jornaloalvorada.com.br\/site\/?p=3082"},"modified":"2023-10-17T08:49:36","modified_gmt":"2023-10-17T12:49:36","slug":"terca-feira-tem-previsao-de-tempo-estavel-com-temperaturas-altas-em-ms","status":"publish","type":"post","link":"https:\/\/jornaloalvorada.com.br\/site\/2023\/10\/17\/terca-feira-tem-previsao-de-tempo-estavel-com-temperaturas-altas-em-ms\/","title":{"rendered":"Ter\u00e7a-feira tem previs\u00e3o de tempo est\u00e1vel, com temperaturas altas em MS"},"content":{"rendered":"\n<p>Nesta ter\u00e7a-feira (17) a previs\u00e3o \u00e9 de tempo est\u00e1vel, com varia\u00e7\u00e3o de nebulosidade no Estado. As temperaturas ser\u00e3o altas e n\u00e3o est\u00e3o descartadas chuvas e tempestades isoladas, principalmente nas regi\u00f5es Sudeste e Leste do Mato Grosso do Sul.<\/p>\n\n\n\n<p>De acordo com o Cemtec (Centro de Monitoramento do Tempo e do Clima de MS), este cen\u00e1rio de instabilidade ocorre devido ao aquecimento diurno, transporte de umidade e uma \u00e1rea de baixa press\u00e3o que se forma na Argentina. As m\u00ednimas no Estado ficam entre 23\u00b0C e 25\u00b0C, podendo ter m\u00e1xima de at\u00e9 42\u00b0C.<\/p>\n\n\n\n<p>Tamb\u00e9m se espera baixos valores de umidade relativa do ar, entre 20% e 40% e ventos que podem de forma pontual ficar acima de 60 km por hora. Campo Grande tem previs\u00e3o de m\u00ednima de 26\u00b0C e m\u00e1xima de 34\u00b0C. J\u00e1 em Dourados fica entre 25\u00b0C e 38\u00b0C. Para regi\u00e3o do Pantanal, em Corumb\u00e1, a m\u00e1xima chega a 39\u00b0C, com m\u00ednima de 25\u00b0C.<\/p>\n\n\n\n<p>Na regi\u00e3o Norte, em Coxim, a m\u00e1xima fica em 40\u00b0C, com m\u00ednima de 25\u00b0C. J\u00e1 em Ponta Por\u00e3, na regi\u00e3o de fronteira com o Paraguai, m\u00ednima ser\u00e1 de 25\u00b0C, com m\u00e1xima de 34\u00b0C.<\/p>\n\n\n\n<figure class=\"wp-block-image\"><a href=\"https:\/\/agenciadenoticias.ms.gov.br\/wp-content\/uploads\/2023\/10\/tempo-1710.jpg\"><img decoding=\"async\" src=\"https:\/\/agenciadenoticias.ms.gov.br\/wp-content\/uploads\/2023\/10\/tempo-1710.jpg\" alt=\"\" class=\"wp-image-453718\"\/><\/a><\/figure>\n\n\n\n<p><em>Leonardo Rocha, Comunica\u00e7\u00e3o do Governo de MS<\/em><br><em>Foto: Bruno Rezende\/Arquivo<\/em><\/p>\n","protected":false},"excerpt":{"rendered":"<p>Nesta ter\u00e7a-feira (17) a previs\u00e3o \u00e9 de tempo est\u00e1vel, com varia\u00e7\u00e3o de nebulosidade no Estado. As temperaturas ser\u00e3o altas e<\/p>\n","protected":false},"author":1,"featured_media":2111,"comment_status":"open","ping_status":"open","sticky":false,"template":"","format":"standard","meta":{"footnotes":""},"categories":[2],"tags":[],"class_list":["post-3082","post","type-post","status-publish","format-standard","has-post-thumbnail","hentry","category-noticias"],"_links":{"self":[{"href":"https:\/\/jornaloalvorada.com.br\/site\/wp-json\/wp\/v2\/posts\/3082","targetHints":{"allow":["GET"]}}],"collection":[{"href":"https:\/\/jornaloalvorada.com.br\/site\/wp-json\/wp\/v2\/posts"}],"about":[{"href":"https:\/\/jornaloalvorada.com.br\/site\/wp-json\/wp\/v2\/types\/post"}],"author":[{"embeddable":true,"href":"https:\/\/jornaloalvorada.com.br\/site\/wp-json\/wp\/v2\/users\/1"}],"replies":[{"embeddable":true,"href":"https:\/\/jornaloalvorada.com.br\/site\/wp-json\/wp\/v2\/comments?post=3082"}],"version-history":[{"count":1,"href":"https:\/\/jornaloalvorada.com.br\/site\/wp-json\/wp\/v2\/posts\/3082\/revisions"}],"predecessor-version":[{"id":3083,"href":"https:\/\/jornaloalvorada.com.br\/site\/wp-json\/wp\/v2\/posts\/3082\/revisions\/3083"}],"wp:featuredmedia":[{"embeddable":true,"href":"https:\/\/jornaloalvorada.com.br\/site\/wp-json\/wp\/v2\/media\/2111"}],"wp:attachment":[{"href":"https:\/\/jornaloalvorada.com.br\/site\/wp-json\/wp\/v2\/media?parent=3082"}],"wp:term":[{"taxonomy":"category","embeddable":true,"href":"https:\/\/jornaloalvorada.com.br\/site\/wp-json\/wp\/v2\/categories?post=3082"},{"taxonomy":"post_tag","embeddable":true,"href":"https:\/\/jornaloalvorada.com.br\/site\/wp-json\/wp\/v2\/tags?post=3082"}],"curies":[{"name":"wp","href":"https:\/\/api.w.org\/{rel}","templated":true}]}}