{"id":3074,"date":"2023-10-16T13:42:40","date_gmt":"2023-10-16T17:42:40","guid":{"rendered":"https:\/\/jornaloalvorada.com.br\/site\/?p=3074"},"modified":"2023-10-16T15:02:03","modified_gmt":"2023-10-16T19:02:03","slug":"vereadora-do-psdb-lidera-pesquisa-e-pode-ser-a-1a-mulher-assumir-prefeitura-em-amambai","status":"publish","type":"post","link":"https:\/\/jornaloalvorada.com.br\/site\/2023\/10\/16\/vereadora-do-psdb-lidera-pesquisa-e-pode-ser-a-1a-mulher-assumir-prefeitura-em-amambai\/","title":{"rendered":"Vereadora do PSDB lidera pesquisa e pode ser a 1\u00aa mulher assumir prefeitura em Amambai"},"content":{"rendered":"\n<p><div class=\"main-wrap\"><div class=\"main ts-contain cf right-sidebar\"><div class=\"ts-row has-s-large-bot\"><div class=\"col-8 main-content\"><div class=\"the-post s-post-large\"><article id=\"post-64632\" class=\"post-64632 post type-post status-publish format-standard has-post-thumbnail category-ms tag-amambai-ms tag-dr-bandeira tag-eleicoes-2024 tag-instituto-ranking-brasil tag-janete-cordoba tag-jose-bambil tag-nossa-politica tag-pesquisa-eleitoral tag-sergio-barbosa tag-tiro-news tag-valter-brito\"><div class=\"post-content-wrap has-share-float has-share-float-in\"><div class=\"post-content cf entry-content content-spacious\"><p>A vereadora Janete C\u00f3rdoba (PSDB) lidera a pesquisa para as elei\u00e7\u00f5es  municipais de 2024 em Amambai e pode fazer hist\u00f3ria ao ser a primeira  mulher a comandar o munic\u00edpio. O segundo colocado \u00e9 Valter Brito (PSDB),  segundo pesquisa do Instituto Ranking Brasil, divulgada nesta  segunda-feira (16).Janete cresceu na espont\u00e2nea e na estimulada em rela\u00e7\u00e3o ao m\u00eas de  agosto e pode ser a pr\u00f3xima prefeita caso obtenha o apoio do atual  prefeito, Ednaldo Bandeira, o Dr. Bandeira (PSDB). O Ranking ouviu 500  eleitores nos dias 10 e 11 deste m\u00eas em Amambai. A margem de erro \u00e9 de  5% para mais ou menos.<\/p><\/div><\/div><\/article><\/div><\/div><\/div><\/div><\/div><\/p>\n\n\n\n<p>Na espont\u00e2nea, Janete lidera com 17,4%, seguida pelo vereador Valter Brito, com 10%, pelo ex-prefeito S\u00e9rgio Barbosa, com 4%, por Losiane Cardinal, com 3,2%, Gerverson Vicentim, com 2,8%, L\u00edgia Borges com 2% e Jos\u00e9 Bambil (PRTB), com 1,6%. O percentual de indecisos \u00e9 expressivo, 58%.<\/p>\n\n\n\n<figure class=\"wp-block-image\"><img decoding=\"async\" src=\"https:\/\/ojacare.com.br\/wp-content\/uploads\/2023\/10\/ranking-amambai-espontanea.jpg\" alt=\"\" class=\"wp-image-64634\"\/><\/figure>\n\n\n\n<p>Em rela\u00e7\u00e3o ao m\u00eas de agosto, Jante subiu 2,4 pontos percentuais, j\u00e1 que tinha 15%. Valter passou de 9,4% para 10%, enquanto S\u00e9rgio oscilou de 4,2% para 4%. Losiane n\u00e3o aparecia no levantamento anterior.<\/p>\n\n\n\n<p>O Ranking Brasil testou dois cen\u00e1rios. Em ambos, a vereadora do PSDB lidera com folga. No primeiro, Janete tem 27%, contra 17% do colega de partido, Valter, com 17%. S\u00e9rgio ficou com 8%, empatado com Losiane com 7%, Geverson com 4,4%, Ligia com 4,2%, Jos\u00e9 Bambil com 3%, Cida Faria com 1,2% e Bruno Anderson com 1%. Brancos, nulos e indecisos somaram 28%.<\/p>\n\n\n\n<figure class=\"wp-block-image\"><img decoding=\"async\" src=\"https:\/\/ojacare.com.br\/wp-content\/uploads\/2023\/10\/ranking-amambai-estimulada1.jpg\" alt=\"\" class=\"wp-image-64636\"\/><\/figure>\n\n\n\n<p>L\u00edder isolada, Janete subiu dois pontos percentuais em rela\u00e7\u00e3o a agosto, quando tinha 25%. Valter oscilou menos, 0,8 ponto percentual, passando de 16,2% para 17%. S\u00e9rgio foi de 6,6% para 8%, enquanto Vicentim de 4% para 4,4%. L\u00edgia caiu de 5,8% para 3,2%.<\/p>\n\n\n\n<p>No segundo cen\u00e1rio, Jante tem 32%, contra 20,2% de Valter, 12% de S\u00e9rgio, 9,6% de Losiane e 1,2% de Bruno. Se n\u00e3o houver consenso no PSDB, Janete e Valter podem aproveitar a janela partid\u00e1ria em mar\u00e7o para trocar de partido.<\/p>\n\n\n\n<figure class=\"wp-block-image\"><img decoding=\"async\" src=\"https:\/\/ojacare.com.br\/wp-content\/uploads\/2023\/10\/ranking-amambai-estimulada2.jpg\" alt=\"\" class=\"wp-image-64635\"\/><\/figure>\n\n\n\n<p>Desde a funda\u00e7\u00e3o, Amambai nunca foi governada por uma mulher. Janete \u00e9 a primeira a chegar com chances de comandar o munic\u00edpio, um dos maiores da regi\u00e3o sul de Mato Grosso do Sul.<\/p>\n\n\n\n<p>Ela tem baixa rejei\u00e7\u00e3o, de 3,8%, atr\u00e1s de S\u00e9rgio com 9,6%, de L\u00edgia com 8%, de Jos\u00e9 com 7,2% e de Cida com 4,4%.<\/p>\n\n\n\n<figure class=\"wp-block-image\"><img decoding=\"async\" src=\"https:\/\/ojacare.com.br\/wp-content\/uploads\/2023\/10\/RANKING-AMAMBAI-REJEICAO.jpg\" alt=\"\" class=\"wp-image-64637\"\/><\/figure>\n\n\n\n<p><em>Fonte: O Jacar\u00e9<\/em><\/p>\n","protected":false},"excerpt":{"rendered":"<p>A vereadora Janete C\u00f3rdoba (PSDB) lidera a pesquisa para as elei\u00e7\u00f5es municipais de 2024 em Amambai e pode fazer hist\u00f3ria<\/p>\n","protected":false},"author":1,"featured_media":3075,"comment_status":"open","ping_status":"open","sticky":false,"template":"","format":"standard","meta":{"footnotes":""},"categories":[2],"tags":[],"class_list":["post-3074","post","type-post","status-publish","format-standard","has-post-thumbnail","hentry","category-noticias"],"_links":{"self":[{"href":"https:\/\/jornaloalvorada.com.br\/site\/wp-json\/wp\/v2\/posts\/3074","targetHints":{"allow":["GET"]}}],"collection":[{"href":"https:\/\/jornaloalvorada.com.br\/site\/wp-json\/wp\/v2\/posts"}],"about":[{"href":"https:\/\/jornaloalvorada.com.br\/site\/wp-json\/wp\/v2\/types\/post"}],"author":[{"embeddable":true,"href":"https:\/\/jornaloalvorada.com.br\/site\/wp-json\/wp\/v2\/users\/1"}],"replies":[{"embeddable":true,"href":"https:\/\/jornaloalvorada.com.br\/site\/wp-json\/wp\/v2\/comments?post=3074"}],"version-history":[{"count":1,"href":"https:\/\/jornaloalvorada.com.br\/site\/wp-json\/wp\/v2\/posts\/3074\/revisions"}],"predecessor-version":[{"id":3076,"href":"https:\/\/jornaloalvorada.com.br\/site\/wp-json\/wp\/v2\/posts\/3074\/revisions\/3076"}],"wp:featuredmedia":[{"embeddable":true,"href":"https:\/\/jornaloalvorada.com.br\/site\/wp-json\/wp\/v2\/media\/3075"}],"wp:attachment":[{"href":"https:\/\/jornaloalvorada.com.br\/site\/wp-json\/wp\/v2\/media?parent=3074"}],"wp:term":[{"taxonomy":"category","embeddable":true,"href":"https:\/\/jornaloalvorada.com.br\/site\/wp-json\/wp\/v2\/categories?post=3074"},{"taxonomy":"post_tag","embeddable":true,"href":"https:\/\/jornaloalvorada.com.br\/site\/wp-json\/wp\/v2\/tags?post=3074"}],"curies":[{"name":"wp","href":"https:\/\/api.w.org\/{rel}","templated":true}]}}