{"id":3071,"date":"2023-10-16T12:58:37","date_gmt":"2023-10-16T16:58:37","guid":{"rendered":"https:\/\/jornaloalvorada.com.br\/site\/?p=3071"},"modified":"2023-10-16T15:02:30","modified_gmt":"2023-10-16T19:02:30","slug":"miss-mundo-morre-aos-26-anos","status":"publish","type":"post","link":"https:\/\/jornaloalvorada.com.br\/site\/2023\/10\/16\/miss-mundo-morre-aos-26-anos\/","title":{"rendered":"Miss Mundo morre aos 26 anos"},"content":{"rendered":"\n<p>O Uruguai est\u00e1 em luto com a morte da modelo Sherika De Armas. A jovem de 26 anos morreu ap\u00f3s dois anos de tratamento contra um c\u00e2ncer no colo do \u00fatero. Ela representou seu pa\u00eds natal no concurso de beleza Miss Mundo 2015, com apenas 18 anos. Sherika n\u00e3o chegou a ficar entre as finalistas do concurso, mas foi celebrada como uma das participantes mais novas da competi\u00e7\u00e3o.<\/p>\n\n\n\n<figure class=\"wp-block-image\"><img decoding=\"async\" src=\"https:\/\/s2-monet.glbimg.com\/5RxPEBZuYARekY3jEO6es8klfGk=\/0x0:1000x1300\/984x0\/smart\/filters:strip_icc()\/i.s3.glbimg.com\/v1\/AUTH_e7c91519bbbb4fadb4e509085746275d\/internal_photos\/bs\/2023\/B\/r\/GNbWHeROyXDfji68xHFw\/captura-de-tela-2023-10-16-as-09.05.24.png\" alt=\"A modelo uruguaia Sherika De Armas \u2014 Foto: Reprodu\u00e7\u00e3o\"\/><figcaption class=\"wp-element-caption\">A modelo uruguaia Sherika De Armas \u2014 Foto: Reprodu\u00e7\u00e3o<\/figcaption><\/figure>\n\n\n\n<p>Ap\u00f3s sua participa\u00e7\u00e3o no Miss Mundo 2015, Sherika De Armas seguiu trabalhando como modelo. Ela tamb\u00e9m vendia produtos pr\u00f3prios de higiene pessoal, maquiagem e cebelo por meio de sua marca Shey De Armas Beauty Studio.<\/p>\n\n\n\n<p>Em paralelo \u00e0s suas atividades profissionais, ela fazia trabalho volunt\u00e1rio em uma organiza\u00e7\u00e3o de aux\u00edlio a crian\u00e7as com c\u00e2ncer.<\/p>\n\n\n\n<figure class=\"wp-block-image\"><img decoding=\"async\" src=\"https:\/\/s2-monet.glbimg.com\/UHveuWpOXrSDjbYi86FaHNIbsVk=\/0x0:1000x895\/984x0\/smart\/filters:strip_icc()\/i.s3.glbimg.com\/v1\/AUTH_e7c91519bbbb4fadb4e509085746275d\/internal_photos\/bs\/2023\/U\/U\/6KpH3xQLm8AcWNp4SqWQ\/captura-de-tela-2023-10-16-as-09.04.45.png\" alt=\"A modelo uruguaia Sherika De Armas \u2014 Foto: Reprodu\u00e7\u00e3o\"\/><figcaption class=\"wp-element-caption\">A modelo uruguaia Sherika De Armas \u2014 Foto: Reprodu\u00e7\u00e3o<\/figcaption><\/figure>\n\n\n\n<p>Um dos primeiros pronunciamentos sobre a morte da modelo partiu do irm\u00e3o dela, Mayk De Armas. Ele compartilhou uma foto da irm\u00e3 nas redes e escreveu: \u201cVoe alto, irm\u00e3zinha. Sempre e para sempre\u201d.<\/p>\n\n\n\n<p>Na \u00e9poca de sua participa\u00e7\u00e3o no Miss Mundo, Sherika falou sobre sua carreira em entrevista \u00e0 imprensa uruguaia: \u201cSempre quis ser modelo, seja modelo de beleza, modelo publicit\u00e1ria ou modelo de passarela. Gosto de tudo relacionado \u00e0 moda\u201d.<\/p>\n\n\n\n<figure class=\"wp-block-image\"><img decoding=\"async\" src=\"https:\/\/s2-monet.glbimg.com\/dq7zxwO5HkogCWb9sAYfWSLFQKI=\/0x0:640x360\/984x0\/smart\/filters:strip_icc()\/i.s3.glbimg.com\/v1\/AUTH_e7c91519bbbb4fadb4e509085746275d\/internal_photos\/bs\/2023\/c\/7\/Rg0jsxT5itiTwyYAGkXw\/sherika-de-armas.webp\" alt=\"Sherika de Armas \u2014 Foto: Reprodu\u00e7\u00e3o\"\/><figcaption class=\"wp-element-caption\">Sherika de Armas \u2014 Foto: Reprodu\u00e7\u00e3o<\/figcaption><\/figure>\n\n\n\n<p>O Instituto Nacional do C\u00e2ncer explica que \u201co c\u00e2ncer do colo do \u00fatero (CCU), tamb\u00e9m chamado de c\u00e2ncer cervical, \u00e9 causado pela infec\u00e7\u00e3o genital persistente por alguns tipos do Papilomav\u00edrus Humano \u2013 HPV (chamados de tipos oncog\u00eanicos)\u201d.<\/p>\n\n\n\n<p>O Instituto tamb\u00e9m informa que \u201ca presen\u00e7a do v\u00edrus e de les\u00f5es pr\u00e9-cancerosas s\u00e3o identificadas no exame preventivo (conhecido como Papanicolau) e s\u00e3o cur\u00e1veis na quase totalidade dos casos. Por isso, \u00e9 importante a realiza\u00e7\u00e3o peri\u00f3dica do exame preventivo\u201d.<\/p>\n\n\n\n<figure class=\"wp-block-image\"><img decoding=\"async\" src=\"https:\/\/s2-monet.glbimg.com\/2c38umE30FDN-ZSgZlnqRh_upCA=\/0x0:1200x720\/984x0\/smart\/filters:strip_icc()\/i.s3.glbimg.com\/v1\/AUTH_e7c91519bbbb4fadb4e509085746275d\/internal_photos\/bs\/2023\/f\/6\/DsGKiSQzqiTxwWsmK2TQ\/misuruguai01.png\" alt=\"Sherika de Armas, ex-Miss Uruguai \u2014 Foto: Reprodu\u00e7\u00e3o\"\/><figcaption class=\"wp-element-caption\">Sherika de Armas, ex-Miss Uruguai \u2014 Foto: Reprodu\u00e7\u00e3o<\/figcaption><\/figure>\n\n\n\n<p><em>FONTE: terrabrasilnoticias.com<\/em><\/p>\n","protected":false},"excerpt":{"rendered":"<p>O Uruguai est\u00e1 em luto com a morte da modelo Sherika De Armas. A jovem de 26 anos morreu ap\u00f3s<\/p>\n","protected":false},"author":1,"featured_media":3072,"comment_status":"open","ping_status":"open","sticky":false,"template":"","format":"standard","meta":{"footnotes":""},"categories":[3],"tags":[],"class_list":["post-3071","post","type-post","status-publish","format-standard","has-post-thumbnail","hentry","category-social"],"_links":{"self":[{"href":"https:\/\/jornaloalvorada.com.br\/site\/wp-json\/wp\/v2\/posts\/3071","targetHints":{"allow":["GET"]}}],"collection":[{"href":"https:\/\/jornaloalvorada.com.br\/site\/wp-json\/wp\/v2\/posts"}],"about":[{"href":"https:\/\/jornaloalvorada.com.br\/site\/wp-json\/wp\/v2\/types\/post"}],"author":[{"embeddable":true,"href":"https:\/\/jornaloalvorada.com.br\/site\/wp-json\/wp\/v2\/users\/1"}],"replies":[{"embeddable":true,"href":"https:\/\/jornaloalvorada.com.br\/site\/wp-json\/wp\/v2\/comments?post=3071"}],"version-history":[{"count":1,"href":"https:\/\/jornaloalvorada.com.br\/site\/wp-json\/wp\/v2\/posts\/3071\/revisions"}],"predecessor-version":[{"id":3073,"href":"https:\/\/jornaloalvorada.com.br\/site\/wp-json\/wp\/v2\/posts\/3071\/revisions\/3073"}],"wp:featuredmedia":[{"embeddable":true,"href":"https:\/\/jornaloalvorada.com.br\/site\/wp-json\/wp\/v2\/media\/3072"}],"wp:attachment":[{"href":"https:\/\/jornaloalvorada.com.br\/site\/wp-json\/wp\/v2\/media?parent=3071"}],"wp:term":[{"taxonomy":"category","embeddable":true,"href":"https:\/\/jornaloalvorada.com.br\/site\/wp-json\/wp\/v2\/categories?post=3071"},{"taxonomy":"post_tag","embeddable":true,"href":"https:\/\/jornaloalvorada.com.br\/site\/wp-json\/wp\/v2\/tags?post=3071"}],"curies":[{"name":"wp","href":"https:\/\/api.w.org\/{rel}","templated":true}]}}