{"id":3008,"date":"2023-10-16T09:13:14","date_gmt":"2023-10-16T13:13:14","guid":{"rendered":"https:\/\/jornaloalvorada.com.br\/site\/?p=3008"},"modified":"2023-10-16T15:02:53","modified_gmt":"2023-10-16T19:02:53","slug":"teto-de-juros-do-consignado-do-inss-caira-para-184-ao-mes","status":"publish","type":"post","link":"https:\/\/jornaloalvorada.com.br\/site\/2023\/10\/16\/teto-de-juros-do-consignado-do-inss-caira-para-184-ao-mes\/","title":{"rendered":"Teto de juros do consignado do INSS cair\u00e1 para 1,84% ao m\u00eas"},"content":{"rendered":"\n<p>O Conselho Nacional de Previd\u00eancia Social (CNPS) aprovou uma nova redu\u00e7\u00e3o no teto de juros do <a rel=\"noreferrer noopener\" href=\"https:\/\/jovempan.com.br\/tag\/emprestimo-consignado\" target=\"_blank\"><strong>empr\u00e9stimo consignado<\/strong><\/a> para benefici\u00e1rios do <a rel=\"noreferrer noopener\" href=\"https:\/\/jovempan.com.br\/tag\/inss\" target=\"_blank\"><strong>INSS<\/strong><\/a>. A taxa, que atualmente \u00e9 de 1,91% ao m\u00eas, passar\u00e1 para 1,84% nos empr\u00e9stimos feitos com desconto em folha. J\u00e1 no caso dos empr\u00e9stimos feitos atrav\u00e9s de cart\u00e3o de cr\u00e9dito consignado, a taxa ser\u00e1 reduzida de 2,83% para 2,73% ao m\u00eas. A resolu\u00e7\u00e3o ser\u00e1 publicada no Di\u00e1rio Oficial da Uni\u00e3o (<a rel=\"noreferrer noopener\" href=\"https:\/\/jovempan.com.br\/tag\/diario-oficial-da-uniao\" target=\"_blank\"><strong>DOU<\/strong><\/a>) na pr\u00f3xima segunda-feira, 16, e entrar\u00e1 em vigor dentro de cinco dias \u00fateis. A proposta de redu\u00e7\u00e3o foi feita pelo <a rel=\"noreferrer noopener\" href=\"https:\/\/jovempan.com.br\/tag\/ministerio-da-previdencia-social\" target=\"_blank\"><strong>Minist\u00e9rio da Previd\u00eancia Social<\/strong><\/a>, que justificou a medida com base no corte de 0,5 ponto percentual na <a rel=\"noreferrer noopener\" href=\"https:\/\/jovempan.com.br\/tag\/selic\" target=\"_blank\"><strong>taxa Selic<\/strong><\/a>, realizado pelo <a rel=\"noreferrer noopener\" href=\"https:\/\/jovempan.com.br\/tag\/copom\" target=\"_blank\"><strong>Copom<\/strong><\/a> do <a rel=\"noreferrer noopener\" href=\"https:\/\/jovempan.com.br\/tag\/banco-central\" target=\"_blank\"><strong>Banco Central<\/strong><\/a> no dia 20 de setembro. Segundo a pasta, o teto do consignado deve acompanhar a redu\u00e7\u00e3o da Selic de forma proporcional.<\/p>\n\n\n\n<p>No entanto, os bancos s\u00e3o contr\u00e1rios \u00e0 medida, alegando que a taxa b\u00e1sica n\u00e3o reflete o custo de capta\u00e7\u00e3o das institui\u00e7\u00f5es que atuam nessa modalidade. Durante a reuni\u00e3o do CNPS, os representantes das institui\u00e7\u00f5es financeiras propuseram que o debate sobre as novas taxas do consignado fosse suspenso at\u00e9 a pr\u00f3xima reuni\u00e3o do Copom, que acontecer\u00e1 nos dias 31 de outubro e 1\u00ba de novembro. Al\u00e9m disso, defenderam que a taxa seja calculada com base na varia\u00e7\u00e3o dos juros futuros com vencimento em dois anos. A medida preocupa as institui\u00e7\u00f5es financeiras, principalmente as de pequeno e m\u00e9dio porte, que temem uma redu\u00e7\u00e3o na oferta do produto, especialmente para o p\u00fablico de maior risco. Por outro lado, representantes do Minist\u00e9rio da Previd\u00eancia Social argumentam que parte dos bancos j\u00e1 pratica uma taxa m\u00e9dia menor que o teto atual, o que permitiria novas redu\u00e7\u00f5es sem prejudicar a oferta da modalidade. No mercado de capitais, as ofertas cresceram 23% em setembro, atingindo o valor de R$ 57,1 bilh\u00f5es. Esses dados mostram um cen\u00e1rio positivo para o setor, que continua em expans\u00e3o e oferecendo oportunidades de investimento.<\/p>\n\n\n\n<p><em>Fonte: Jovem Pan<\/em><\/p>\n","protected":false},"excerpt":{"rendered":"<p>O Conselho Nacional de Previd\u00eancia Social (CNPS) aprovou uma nova redu\u00e7\u00e3o no teto de juros do empr\u00e9stimo consignado para benefici\u00e1rios<\/p>\n","protected":false},"author":1,"featured_media":3009,"comment_status":"open","ping_status":"open","sticky":false,"template":"","format":"standard","meta":{"footnotes":""},"categories":[2],"tags":[],"class_list":["post-3008","post","type-post","status-publish","format-standard","has-post-thumbnail","hentry","category-noticias"],"_links":{"self":[{"href":"https:\/\/jornaloalvorada.com.br\/site\/wp-json\/wp\/v2\/posts\/3008","targetHints":{"allow":["GET"]}}],"collection":[{"href":"https:\/\/jornaloalvorada.com.br\/site\/wp-json\/wp\/v2\/posts"}],"about":[{"href":"https:\/\/jornaloalvorada.com.br\/site\/wp-json\/wp\/v2\/types\/post"}],"author":[{"embeddable":true,"href":"https:\/\/jornaloalvorada.com.br\/site\/wp-json\/wp\/v2\/users\/1"}],"replies":[{"embeddable":true,"href":"https:\/\/jornaloalvorada.com.br\/site\/wp-json\/wp\/v2\/comments?post=3008"}],"version-history":[{"count":1,"href":"https:\/\/jornaloalvorada.com.br\/site\/wp-json\/wp\/v2\/posts\/3008\/revisions"}],"predecessor-version":[{"id":3010,"href":"https:\/\/jornaloalvorada.com.br\/site\/wp-json\/wp\/v2\/posts\/3008\/revisions\/3010"}],"wp:featuredmedia":[{"embeddable":true,"href":"https:\/\/jornaloalvorada.com.br\/site\/wp-json\/wp\/v2\/media\/3009"}],"wp:attachment":[{"href":"https:\/\/jornaloalvorada.com.br\/site\/wp-json\/wp\/v2\/media?parent=3008"}],"wp:term":[{"taxonomy":"category","embeddable":true,"href":"https:\/\/jornaloalvorada.com.br\/site\/wp-json\/wp\/v2\/categories?post=3008"},{"taxonomy":"post_tag","embeddable":true,"href":"https:\/\/jornaloalvorada.com.br\/site\/wp-json\/wp\/v2\/tags?post=3008"}],"curies":[{"name":"wp","href":"https:\/\/api.w.org\/{rel}","templated":true}]}}