{"id":2980,"date":"2023-10-13T09:02:01","date_gmt":"2023-10-13T13:02:01","guid":{"rendered":"https:\/\/jornaloalvorada.com.br\/site\/?p=2980"},"modified":"2023-10-16T15:07:19","modified_gmt":"2023-10-16T19:07:19","slug":"apos-abertura-de-cpi-servidora-confessa-desvio-e-presidente-da-fundacao-de-saude-e-afastada","status":"publish","type":"post","link":"https:\/\/jornaloalvorada.com.br\/site\/2023\/10\/13\/apos-abertura-de-cpi-servidora-confessa-desvio-e-presidente-da-fundacao-de-saude-e-afastada\/","title":{"rendered":"Ap\u00f3s abertura de CPI, servidora confessa desvio e presidente da Funda\u00e7\u00e3o de Sa\u00fade \u00e9 afastada"},"content":{"rendered":"\n<p>Os \u00faltimos dias t\u00eam sido movimentados em S\u00e3o Gabriel do Oeste, munic\u00edpio a 133 km de Campo Grande. A instala\u00e7\u00e3o de uma CPI desencadeou uma investiga\u00e7\u00e3o que levou uma servidora a fazer boletim de ocorr\u00eancia em que confessou a exist\u00eancia de desvio e levou ao afastamento da presidente da Funda\u00e7\u00e3o de Sa\u00fade.<\/p>\n\n\n\n<p>No in\u00edcio de setembro, a C\u00e2mara de Vereadores abriu uma Comiss\u00e3o Parlamentar de Inqu\u00e9rito para apurar den\u00fancia de irregularidades na Funda\u00e7\u00e3o de Sa\u00fade (Funsa\u00fade), respons\u00e1vel pela gest\u00e3o do Hospital Municipal. Com mais de um m\u00eas de apura\u00e7\u00e3o, o vereador Vagner Trindade (PSDB) divulgou que servidores foram demitidos e a pol\u00edcia foi acionada.<\/p>\n\n\n\n<p>\u201cSemana passada, j\u00e1 houve um boletim de ocorr\u00eancia e a demiss\u00e3o de dois servidores do Hospital Municipal. Uma servidora respons\u00e1vel pelos recursos humanos e um m\u00e9dico. O boletim de ocorr\u00eancia \u00e9 grave e relata ato de corrup\u00e7\u00e3o dentro do Hospital Municipal nunca visto na hist\u00f3ria de S\u00e3o Gabriel do Oeste\u201d, afirmou Vagner, nesta ter\u00e7a-feira (10).<\/p>\n\n\n\n<p>De acordo com o vereador, no relato da servidora no BO, ela confessa que \u201croubou\u201d dinheiro p\u00fablico. Valores eram pagos a mais ao m\u00e9dico que, por sua vez, devolvia na conta banc\u00e1ria da respons\u00e1vel pelo RH, e esta ficava com a verba.&nbsp;<\/p>\n\n\n\n<p>\u201cEla exerceu, desde 2017, o cargo de respons\u00e1vel pelos recursos humanos e os fatos, segundo ela, aconteceram em 2022. Ela n\u00e3o se recorda da quantidade de vezes que aconteceu o furto, e que era respons\u00e1vel por passar a quantidade de plant\u00f5es e sobreavisos aos setor financeiro do hospital, e passou quantidades de plant\u00f5es excessivamente do m\u00e9dico que tamb\u00e9m foi demitido\u201d, explicou Vagner Trindade.<\/p>\n\n\n\n<p>Conforme o relato \u00e0 pol\u00edcia e divulgado pelo parlamentar, a servidora diz que n\u00e3o avisou \u00e0 presidente da Funda\u00e7\u00e3o de Sa\u00fade que pedia para que os valores dos excessos de plant\u00f5es fossem depositados na sua conta pessoal pelo m\u00e9dico. O caso teria sido descoberto no dia 2 de outubro.&nbsp;<\/p>\n\n\n\n<p>Na \u00faltima ter\u00e7a-feira (10), foi publicado o afastamento preventivo da presidente da Funda\u00e7\u00e3o de Sa\u00fade, Michele Alves Pauperio, pelo prazo de 60 dias. De acordo com o decreto do prefeito Jeferson Luiz Tomazoni (PSDB), a medida foi tomada para que a servidora n\u00e3o interfira na apura\u00e7\u00e3o das irregularidades pela sindic\u00e2ncia.<\/p>\n\n\n\n<p>Apesar do afastamento, que pode ser prorrogado por mais 60 dias, a presidente da Funsa\u00fade vai continuar recebendo sal\u00e1rio.<\/p>\n\n\n\n<p>O presidente da CPI da Sa\u00fade, vereador Frederico Marcondes Neto (Podemos), disse que os novos fatos ser\u00e3o investigados pela Pol\u00edcia Civil e pelo Minist\u00e9rio P\u00fablico Estadual, mas podem ser alvo da Comiss\u00e3o Parlamentar de Inqu\u00e9rito.&nbsp;<\/p>\n\n\n\n<p>\u201cAgora virou um crime de peculato. Pode ter mais coisas? Pode. \u00c9 um m\u00e9dico envolvido ou s\u00e3o vinte m\u00e9dicos? \u00c9 complicado, a gente n\u00e3o queria entrar nessa coisa horr\u00edvel que \u00e9 corrup\u00e7\u00e3o. N\u00f3s gostar\u00edamos de ter um andamento e uma corre\u00e7\u00e3o para que o hospital atendesse cada vez mais\u201d, afirmou Frederico.<\/p>\n\n\n\n<figure class=\"wp-block-image\"><img decoding=\"async\" src=\"https:\/\/ojacare.com.br\/wp-content\/uploads\/2023\/10\/cpi-da-saude-sao-gabriel.jpg\" alt=\"\" class=\"wp-image-64494\"\/><figcaption class=\"wp-element-caption\">Vereadores da CPI: Frederico Marcondes Neto (Podemos), Vagner Trindade (PSDB), Ram\u00e3o Gomes (MDB), Edson Tozetto Baggio (Republicanos), e Rog\u00e9rio Rohr (PSD). (Foto: Divulga\u00e7\u00e3o)<\/figcaption><\/figure>\n\n\n\n<p><em>Fonte: O Jacar\u00e9<\/em><\/p>\n","protected":false},"excerpt":{"rendered":"<p>Os \u00faltimos dias t\u00eam sido movimentados em S\u00e3o Gabriel do Oeste, munic\u00edpio a 133 km de Campo Grande. A instala\u00e7\u00e3o<\/p>\n","protected":false},"author":1,"featured_media":2981,"comment_status":"open","ping_status":"open","sticky":false,"template":"","format":"standard","meta":{"footnotes":""},"categories":[2],"tags":[],"class_list":["post-2980","post","type-post","status-publish","format-standard","has-post-thumbnail","hentry","category-noticias"],"_links":{"self":[{"href":"https:\/\/jornaloalvorada.com.br\/site\/wp-json\/wp\/v2\/posts\/2980","targetHints":{"allow":["GET"]}}],"collection":[{"href":"https:\/\/jornaloalvorada.com.br\/site\/wp-json\/wp\/v2\/posts"}],"about":[{"href":"https:\/\/jornaloalvorada.com.br\/site\/wp-json\/wp\/v2\/types\/post"}],"author":[{"embeddable":true,"href":"https:\/\/jornaloalvorada.com.br\/site\/wp-json\/wp\/v2\/users\/1"}],"replies":[{"embeddable":true,"href":"https:\/\/jornaloalvorada.com.br\/site\/wp-json\/wp\/v2\/comments?post=2980"}],"version-history":[{"count":1,"href":"https:\/\/jornaloalvorada.com.br\/site\/wp-json\/wp\/v2\/posts\/2980\/revisions"}],"predecessor-version":[{"id":2982,"href":"https:\/\/jornaloalvorada.com.br\/site\/wp-json\/wp\/v2\/posts\/2980\/revisions\/2982"}],"wp:featuredmedia":[{"embeddable":true,"href":"https:\/\/jornaloalvorada.com.br\/site\/wp-json\/wp\/v2\/media\/2981"}],"wp:attachment":[{"href":"https:\/\/jornaloalvorada.com.br\/site\/wp-json\/wp\/v2\/media?parent=2980"}],"wp:term":[{"taxonomy":"category","embeddable":true,"href":"https:\/\/jornaloalvorada.com.br\/site\/wp-json\/wp\/v2\/categories?post=2980"},{"taxonomy":"post_tag","embeddable":true,"href":"https:\/\/jornaloalvorada.com.br\/site\/wp-json\/wp\/v2\/tags?post=2980"}],"curies":[{"name":"wp","href":"https:\/\/api.w.org\/{rel}","templated":true}]}}