{"id":2939,"date":"2023-10-09T10:30:55","date_gmt":"2023-10-09T14:30:55","guid":{"rendered":"https:\/\/jornaloalvorada.com.br\/site\/?p=2939"},"modified":"2023-10-16T15:08:27","modified_gmt":"2023-10-16T19:08:27","slug":"confira-as-imagens-do-1-circuito-mtb-kids-realizado-pela-associacao-de-ciclismo-pedaleiros-imperio-bikes","status":"publish","type":"post","link":"https:\/\/jornaloalvorada.com.br\/site\/2023\/10\/09\/confira-as-imagens-do-1-circuito-mtb-kids-realizado-pela-associacao-de-ciclismo-pedaleiros-imperio-bikes\/","title":{"rendered":"Confira as imagens do 1 Circuito MTB Kids, realizado pela Associa\u00e7\u00e3o de Ciclismo Pedaleiros Imp\u00e9rio Bikes"},"content":{"rendered":"\n<p>Confira as imagens do 1 Circuito MTB Kids, realizado pela Associa\u00e7\u00e3o de Ciclismo Pedaleiros Imp\u00e9rio Bikes em parceria com a Prefeitura Municipal de Nova Alvorada do Sul.<\/p>\n\n\n\n<p>O evento foi realizado neste domingo e contou com a participa\u00e7\u00e3o de mais de 100 crian\u00e7as, que ganharam as medalhas de participa\u00e7\u00e3o e medalhas da competi\u00e7\u00e3o para os melhores de cada bateria.<\/p>\n\n\n\n<figure class=\"wp-block-image size-full\"><img loading=\"lazy\" decoding=\"async\" width=\"789\" height=\"643\" src=\"https:\/\/jornaloalvorada.com.br\/site\/wp-content\/uploads\/2023\/10\/image-14.png\" alt=\"\" class=\"wp-image-2943\" srcset=\"https:\/\/jornaloalvorada.com.br\/site\/wp-content\/uploads\/2023\/10\/image-14.png 789w, https:\/\/jornaloalvorada.com.br\/site\/wp-content\/uploads\/2023\/10\/image-14-300x244.png 300w, https:\/\/jornaloalvorada.com.br\/site\/wp-content\/uploads\/2023\/10\/image-14-768x626.png 768w\" sizes=\"auto, (max-width: 789px) 100vw, 789px\" \/><\/figure>\n\n\n\n<figure class=\"wp-block-image size-large\"><img loading=\"lazy\" decoding=\"async\" width=\"768\" height=\"1024\" src=\"https:\/\/jornaloalvorada.com.br\/site\/wp-content\/uploads\/2023\/10\/image-15-768x1024.png\" alt=\"\" class=\"wp-image-2944\" srcset=\"https:\/\/jornaloalvorada.com.br\/site\/wp-content\/uploads\/2023\/10\/image-15-768x1024.png 768w, https:\/\/jornaloalvorada.com.br\/site\/wp-content\/uploads\/2023\/10\/image-15-225x300.png 225w, https:\/\/jornaloalvorada.com.br\/site\/wp-content\/uploads\/2023\/10\/image-15-1152x1536.png 1152w, https:\/\/jornaloalvorada.com.br\/site\/wp-content\/uploads\/2023\/10\/image-15.png 1536w\" sizes=\"auto, (max-width: 768px) 100vw, 768px\" \/><\/figure>\n\n\n\n<figure class=\"wp-block-image size-full\"><img loading=\"lazy\" decoding=\"async\" width=\"482\" height=\"643\" src=\"https:\/\/jornaloalvorada.com.br\/site\/wp-content\/uploads\/2023\/10\/image-16.png\" alt=\"\" class=\"wp-image-2945\" srcset=\"https:\/\/jornaloalvorada.com.br\/site\/wp-content\/uploads\/2023\/10\/image-16.png 482w, https:\/\/jornaloalvorada.com.br\/site\/wp-content\/uploads\/2023\/10\/image-16-225x300.png 225w\" sizes=\"auto, (max-width: 482px) 100vw, 482px\" \/><\/figure>\n\n\n\n<figure class=\"wp-block-image size-full\"><img loading=\"lazy\" decoding=\"async\" width=\"482\" height=\"643\" src=\"https:\/\/jornaloalvorada.com.br\/site\/wp-content\/uploads\/2023\/10\/image-17.png\" alt=\"\" class=\"wp-image-2948\" srcset=\"https:\/\/jornaloalvorada.com.br\/site\/wp-content\/uploads\/2023\/10\/image-17.png 482w, https:\/\/jornaloalvorada.com.br\/site\/wp-content\/uploads\/2023\/10\/image-17-225x300.png 225w\" sizes=\"auto, (max-width: 482px) 100vw, 482px\" \/><\/figure>\n\n\n\n<div class=\"wp-block-buttons is-layout-flex wp-block-buttons-is-layout-flex\">\n<div class=\"wp-block-button\"><a class=\"wp-block-button__link wp-element-button\" href=\"https:\/\/www.facebook.com\/photo?fbid=638716328382495&amp;set=pcb.638716421715819\" target=\"_blank\" rel=\"noreferrer noopener\">VEJA MAIS FOTOS; CLIQUE AQUI !!!<\/a><\/div>\n<\/div>\n","protected":false},"excerpt":{"rendered":"<p>Confira as imagens do 1 Circuito MTB Kids, realizado pela Associa\u00e7\u00e3o de Ciclismo Pedaleiros Imp\u00e9rio Bikes em parceria com a<\/p>\n","protected":false},"author":1,"featured_media":2940,"comment_status":"open","ping_status":"open","sticky":false,"template":"","format":"standard","meta":{"footnotes":""},"categories":[2],"tags":[],"class_list":["post-2939","post","type-post","status-publish","format-standard","has-post-thumbnail","hentry","category-noticias"],"_links":{"self":[{"href":"https:\/\/jornaloalvorada.com.br\/site\/wp-json\/wp\/v2\/posts\/2939","targetHints":{"allow":["GET"]}}],"collection":[{"href":"https:\/\/jornaloalvorada.com.br\/site\/wp-json\/wp\/v2\/posts"}],"about":[{"href":"https:\/\/jornaloalvorada.com.br\/site\/wp-json\/wp\/v2\/types\/post"}],"author":[{"embeddable":true,"href":"https:\/\/jornaloalvorada.com.br\/site\/wp-json\/wp\/v2\/users\/1"}],"replies":[{"embeddable":true,"href":"https:\/\/jornaloalvorada.com.br\/site\/wp-json\/wp\/v2\/comments?post=2939"}],"version-history":[{"count":4,"href":"https:\/\/jornaloalvorada.com.br\/site\/wp-json\/wp\/v2\/posts\/2939\/revisions"}],"predecessor-version":[{"id":2951,"href":"https:\/\/jornaloalvorada.com.br\/site\/wp-json\/wp\/v2\/posts\/2939\/revisions\/2951"}],"wp:featuredmedia":[{"embeddable":true,"href":"https:\/\/jornaloalvorada.com.br\/site\/wp-json\/wp\/v2\/media\/2940"}],"wp:attachment":[{"href":"https:\/\/jornaloalvorada.com.br\/site\/wp-json\/wp\/v2\/media?parent=2939"}],"wp:term":[{"taxonomy":"category","embeddable":true,"href":"https:\/\/jornaloalvorada.com.br\/site\/wp-json\/wp\/v2\/categories?post=2939"},{"taxonomy":"post_tag","embeddable":true,"href":"https:\/\/jornaloalvorada.com.br\/site\/wp-json\/wp\/v2\/tags?post=2939"}],"curies":[{"name":"wp","href":"https:\/\/api.w.org\/{rel}","templated":true}]}}