{"id":2935,"date":"2023-10-09T10:25:44","date_gmt":"2023-10-09T14:25:44","guid":{"rendered":"https:\/\/jornaloalvorada.com.br\/site\/?p=2935"},"modified":"2023-10-16T15:08:32","modified_gmt":"2023-10-16T19:08:32","slug":"ricardo-alves-vice-prefeito-de-nova-alvorada-do-sul","status":"publish","type":"post","link":"https:\/\/jornaloalvorada.com.br\/site\/2023\/10\/09\/ricardo-alves-vice-prefeito-de-nova-alvorada-do-sul\/","title":{"rendered":"Ricardo Alves, vice-prefeito de Nova Alvorada do Sul"},"content":{"rendered":"\n<p>Com o tempo voc\u00ea vai percebendo que o sucesso n\u00e3o pode ser medido apenas no quanto se alcan\u00e7ou, mas principalmente em como se chegou l\u00e1. O caminho importa e o alvo est\u00e1 sempre mudando de posi\u00e7\u00e3o. As escolhas nem sempre s\u00e3o f\u00e1ceis e \u00e9 necess\u00e1rio \u201cdeixar ir\u201d se quisermos \u201cdeixar vir\u201d.<\/p>\n\n\n\n<p>Aprendi a viver contente nas mais diversas situa\u00e7\u00f5es e a ser tolerante mesmo diante das frustra\u00e7\u00f5es.<\/p>\n\n\n\n<p>Se eu pudesse me definir em uma palavra, n\u00e3o haveria outra sen\u00e3o gratid\u00e3o! \u00c9 tempo de refletir, de tra\u00e7ar novas rotas e principalmente de realizar tudo aquilo que sempre sonhei.<br>(Autor D.)<br>Obrigado Senhor, at\u00e9 aqui tens me sustentando.<\/p>\n","protected":false},"excerpt":{"rendered":"<p>Com o tempo voc\u00ea vai percebendo que o sucesso n\u00e3o pode ser medido apenas no quanto se alcan\u00e7ou, mas principalmente<\/p>\n","protected":false},"author":1,"featured_media":2936,"comment_status":"open","ping_status":"open","sticky":false,"template":"","format":"standard","meta":{"footnotes":""},"categories":[3],"tags":[],"class_list":["post-2935","post","type-post","status-publish","format-standard","has-post-thumbnail","hentry","category-social"],"_links":{"self":[{"href":"https:\/\/jornaloalvorada.com.br\/site\/wp-json\/wp\/v2\/posts\/2935","targetHints":{"allow":["GET"]}}],"collection":[{"href":"https:\/\/jornaloalvorada.com.br\/site\/wp-json\/wp\/v2\/posts"}],"about":[{"href":"https:\/\/jornaloalvorada.com.br\/site\/wp-json\/wp\/v2\/types\/post"}],"author":[{"embeddable":true,"href":"https:\/\/jornaloalvorada.com.br\/site\/wp-json\/wp\/v2\/users\/1"}],"replies":[{"embeddable":true,"href":"https:\/\/jornaloalvorada.com.br\/site\/wp-json\/wp\/v2\/comments?post=2935"}],"version-history":[{"count":1,"href":"https:\/\/jornaloalvorada.com.br\/site\/wp-json\/wp\/v2\/posts\/2935\/revisions"}],"predecessor-version":[{"id":2937,"href":"https:\/\/jornaloalvorada.com.br\/site\/wp-json\/wp\/v2\/posts\/2935\/revisions\/2937"}],"wp:featuredmedia":[{"embeddable":true,"href":"https:\/\/jornaloalvorada.com.br\/site\/wp-json\/wp\/v2\/media\/2936"}],"wp:attachment":[{"href":"https:\/\/jornaloalvorada.com.br\/site\/wp-json\/wp\/v2\/media?parent=2935"}],"wp:term":[{"taxonomy":"category","embeddable":true,"href":"https:\/\/jornaloalvorada.com.br\/site\/wp-json\/wp\/v2\/categories?post=2935"},{"taxonomy":"post_tag","embeddable":true,"href":"https:\/\/jornaloalvorada.com.br\/site\/wp-json\/wp\/v2\/tags?post=2935"}],"curies":[{"name":"wp","href":"https:\/\/api.w.org\/{rel}","templated":true}]}}