{"id":2932,"date":"2023-10-09T10:21:49","date_gmt":"2023-10-09T14:21:49","guid":{"rendered":"https:\/\/jornaloalvorada.com.br\/site\/?p=2932"},"modified":"2023-10-16T15:08:38","modified_gmt":"2023-10-16T19:08:38","slug":"dia-26-de-outubro-tem-um-showzaco-da-dupla-joao-bosco-e-vinicius-em-nova-alvorada-do-sul","status":"publish","type":"post","link":"https:\/\/jornaloalvorada.com.br\/site\/2023\/10\/09\/dia-26-de-outubro-tem-um-showzaco-da-dupla-joao-bosco-e-vinicius-em-nova-alvorada-do-sul\/","title":{"rendered":"Dia 26 de Outubro tem um showza\u00e7o da dupla Jo\u00e3o Bosco e Vin\u00edcius em Nova Alvorada do Sul"},"content":{"rendered":"\n<p>Olha quem est\u00e1 chegando em Nova Alvorada do Sul, para comemorarmos juntos os 32 anos de emancipa\u00e7\u00e3o do nosso munic\u00edpio.<\/p>\n\n\n\n<p>No dia 26 de Outubro tem um showza\u00e7o da dupla Jo\u00e3o Bosco e Vin\u00edcius em Nova Alvorada do Sul<\/p>\n","protected":false},"excerpt":{"rendered":"<p>Olha quem est\u00e1 chegando em Nova Alvorada do Sul, para comemorarmos juntos os 32 anos de emancipa\u00e7\u00e3o do nosso munic\u00edpio.<\/p>\n","protected":false},"author":1,"featured_media":2933,"comment_status":"open","ping_status":"open","sticky":false,"template":"","format":"standard","meta":{"footnotes":""},"categories":[2],"tags":[],"class_list":["post-2932","post","type-post","status-publish","format-standard","has-post-thumbnail","hentry","category-noticias"],"_links":{"self":[{"href":"https:\/\/jornaloalvorada.com.br\/site\/wp-json\/wp\/v2\/posts\/2932","targetHints":{"allow":["GET"]}}],"collection":[{"href":"https:\/\/jornaloalvorada.com.br\/site\/wp-json\/wp\/v2\/posts"}],"about":[{"href":"https:\/\/jornaloalvorada.com.br\/site\/wp-json\/wp\/v2\/types\/post"}],"author":[{"embeddable":true,"href":"https:\/\/jornaloalvorada.com.br\/site\/wp-json\/wp\/v2\/users\/1"}],"replies":[{"embeddable":true,"href":"https:\/\/jornaloalvorada.com.br\/site\/wp-json\/wp\/v2\/comments?post=2932"}],"version-history":[{"count":1,"href":"https:\/\/jornaloalvorada.com.br\/site\/wp-json\/wp\/v2\/posts\/2932\/revisions"}],"predecessor-version":[{"id":2934,"href":"https:\/\/jornaloalvorada.com.br\/site\/wp-json\/wp\/v2\/posts\/2932\/revisions\/2934"}],"wp:featuredmedia":[{"embeddable":true,"href":"https:\/\/jornaloalvorada.com.br\/site\/wp-json\/wp\/v2\/media\/2933"}],"wp:attachment":[{"href":"https:\/\/jornaloalvorada.com.br\/site\/wp-json\/wp\/v2\/media?parent=2932"}],"wp:term":[{"taxonomy":"category","embeddable":true,"href":"https:\/\/jornaloalvorada.com.br\/site\/wp-json\/wp\/v2\/categories?post=2932"},{"taxonomy":"post_tag","embeddable":true,"href":"https:\/\/jornaloalvorada.com.br\/site\/wp-json\/wp\/v2\/tags?post=2932"}],"curies":[{"name":"wp","href":"https:\/\/api.w.org\/{rel}","templated":true}]}}