{"id":2678,"date":"2023-09-15T15:24:07","date_gmt":"2023-09-15T19:24:07","guid":{"rendered":"https:\/\/jornaloalvorada.com.br\/site\/?p=2678"},"modified":"2023-10-16T14:48:21","modified_gmt":"2023-10-16T18:48:21","slug":"dia-d-de-vacinacao-antirrabica-acontece-neste-sabado-no-parque-nelson-terere-em-nova-alvorada-do-sul","status":"publish","type":"post","link":"https:\/\/jornaloalvorada.com.br\/site\/2023\/09\/15\/dia-d-de-vacinacao-antirrabica-acontece-neste-sabado-no-parque-nelson-terere-em-nova-alvorada-do-sul\/","title":{"rendered":"Dia \u201cD\u201d de Vacina\u00e7\u00e3o Antirr\u00e1bica acontece neste s\u00e1bado no Parque Nelson Terer\u00e9 em Nova Alvorada do Sul"},"content":{"rendered":"\n<p>Nova Alvorada do Sul entra na reta final da vacina\u00e7\u00e3o antirr\u00e1bica em 2023. Neste ano, pela primeira vez, a Prefeitura Municipal, atrav\u00e9s da Coordenadoria de Epidemiologia\/Zoonoses, realizou a vacina\u00e7\u00e3o de c\u00e3es e gatos de casa em casa.<\/p>\n\n\n\n<p>A a\u00e7\u00e3o visa ampliar a cobertura vacinal e garantir a prote\u00e7\u00e3o dos animais contra a raiva, uma doen\u00e7a grave que pode ser transmitida aos seres humanos.<\/p>\n\n\n\n<p>Centenas de moradores de diversos bairros e assentamentos da cidade tiveram seus pets vacinados em suas casas. A vacina\u00e7\u00e3o de casa em casa \u00e9 uma estrat\u00e9gia indicada pelo Prefeito Jos\u00e9 Paulo Paleari, importante para alcan\u00e7ar aqueles animais que n\u00e3o t\u00eam acesso aos pontos fixos de vacina\u00e7\u00e3o.<\/p>\n\n\n\n<p>O \u00faltimo dia de vacina\u00e7\u00e3o na cidade ser\u00e1 neste s\u00e1bado (16) no Parque Nelson Terer\u00e9 e no dia 27 de setembro, no distrito de Pana.<\/p>\n\n\n\n<p>O Prefeito Jos\u00e9 Paulo Paleari destacou a import\u00e2ncia da vacina\u00e7\u00e3o antirr\u00e1bica em nossa cidade, afirmando: &#8220;A sa\u00fade e bem-estar dos nossos animais de estima\u00e7\u00e3o s\u00e3o fundamentais, e a vacina\u00e7\u00e3o antirr\u00e1bica \u00e9 uma medida essencial para proteg\u00ea-los contra essa doen\u00e7a grave. Al\u00e9m disso, ao vacinar nossos pets, tamb\u00e9m estamos cuidando da sa\u00fade p\u00fablica, evitando a transmiss\u00e3o da raiva aos seres humanos. Por isso, neste ano estamos levando a vacina at\u00e9 as casas dos moradores, garantindo que todos os animais tenham acesso a essa prote\u00e7\u00e3o.<\/p>\n\n\n\n<p>&#8220;Al\u00e9m da vacina\u00e7\u00e3o de casa em casa, a Coordenadoria de Epidemiologia\/Zoonoses tamb\u00e9m realiza pontos fixos de vacina\u00e7\u00e3o em diversos pontos da cidade. O pr\u00f3ximo dia \u201cD\u201d ser\u00e1 no s\u00e1bado, dia 16 de setembro, no parque Nelson Terer\u00e9, das 8h \u00e0s 16h.<\/p>\n\n\n\n<p>Em 2022, foram vacinados cerca de 5 mil animais no munic\u00edpio. A expectativa \u00e9 que, com a vacina\u00e7\u00e3o de casa em casa, a marca de 6 mil doses aplicadas da vacina antirr\u00e1bica seja ultrapassada em 2023.A raiva \u00e9 uma doen\u00e7a viral que pode ser transmitida aos seres humanos pela saliva de animais infectados, como c\u00e3es, gatos, morcegos e raposas. A doen\u00e7a \u00e9 grave e pode levar \u00e0 morte.<\/p>\n\n\n\n<p>A vacina contra a raiva \u00e9 a \u00fanica forma de preven\u00e7\u00e3o. \u00c9 importante vacinar todos os c\u00e3es e gatos a partir dos tr\u00eas meses de idade. A vacina\u00e7\u00e3o deve ser anual.<\/p>\n","protected":false},"excerpt":{"rendered":"<p>Nova Alvorada do Sul entra na reta final da vacina\u00e7\u00e3o antirr\u00e1bica em 2023. Neste ano, pela primeira vez, a Prefeitura<\/p>\n","protected":false},"author":1,"featured_media":2679,"comment_status":"open","ping_status":"open","sticky":false,"template":"","format":"standard","meta":{"footnotes":""},"categories":[2],"tags":[],"class_list":["post-2678","post","type-post","status-publish","format-standard","has-post-thumbnail","hentry","category-noticias"],"_links":{"self":[{"href":"https:\/\/jornaloalvorada.com.br\/site\/wp-json\/wp\/v2\/posts\/2678","targetHints":{"allow":["GET"]}}],"collection":[{"href":"https:\/\/jornaloalvorada.com.br\/site\/wp-json\/wp\/v2\/posts"}],"about":[{"href":"https:\/\/jornaloalvorada.com.br\/site\/wp-json\/wp\/v2\/types\/post"}],"author":[{"embeddable":true,"href":"https:\/\/jornaloalvorada.com.br\/site\/wp-json\/wp\/v2\/users\/1"}],"replies":[{"embeddable":true,"href":"https:\/\/jornaloalvorada.com.br\/site\/wp-json\/wp\/v2\/comments?post=2678"}],"version-history":[{"count":1,"href":"https:\/\/jornaloalvorada.com.br\/site\/wp-json\/wp\/v2\/posts\/2678\/revisions"}],"predecessor-version":[{"id":2680,"href":"https:\/\/jornaloalvorada.com.br\/site\/wp-json\/wp\/v2\/posts\/2678\/revisions\/2680"}],"wp:featuredmedia":[{"embeddable":true,"href":"https:\/\/jornaloalvorada.com.br\/site\/wp-json\/wp\/v2\/media\/2679"}],"wp:attachment":[{"href":"https:\/\/jornaloalvorada.com.br\/site\/wp-json\/wp\/v2\/media?parent=2678"}],"wp:term":[{"taxonomy":"category","embeddable":true,"href":"https:\/\/jornaloalvorada.com.br\/site\/wp-json\/wp\/v2\/categories?post=2678"},{"taxonomy":"post_tag","embeddable":true,"href":"https:\/\/jornaloalvorada.com.br\/site\/wp-json\/wp\/v2\/tags?post=2678"}],"curies":[{"name":"wp","href":"https:\/\/api.w.org\/{rel}","templated":true}]}}