{"id":2662,"date":"2023-09-14T12:39:43","date_gmt":"2023-09-14T16:39:43","guid":{"rendered":"https:\/\/jornaloalvorada.com.br\/site\/?p=2662"},"modified":"2023-09-14T12:39:46","modified_gmt":"2023-09-14T16:39:46","slug":"previsao-de-tempo-instavel-e-frente-fria-para-esta-quinta-feira-em-ms","status":"publish","type":"post","link":"https:\/\/jornaloalvorada.com.br\/site\/2023\/09\/14\/previsao-de-tempo-instavel-e-frente-fria-para-esta-quinta-feira-em-ms\/","title":{"rendered":"Previs\u00e3o de tempo inst\u00e1vel e frente fria para esta quinta-feira em MS"},"content":{"rendered":"\n<p><div id=\"page\" class=\"hfeed site\"><div id=\"main\" class=\"clearfix\"><div class=\"inner-wrap clearfix\"><div id=\"primary\"><div id=\"content\" class=\"clearfix\"><article id=\"post-3318\" class=\"post-3318 post type-post status-publish format-standard has-post-thumbnail hentry category-clima\"><div class=\"article-content clearfix\"><div class=\"entry-content clearfix\"><div id=\"single\"><div class=\"container\"><div class=\"row\"><div class=\"col-12  col-lg-8\"><div class=\"post-449814 post type-post status-publish format-standard has-post-thumbnail hentry category-tempo tag-destaque1\" id=\"post-449814\"><div class=\"entry\"><p>A  previs\u00e3o do Cemtec (Centro de Monitoramento do Tempo e do Clima)  para  esta quinta-feira (14) \u00e9 de probabilidade de chuvas de intensidade   fraca a moderada em grande parte de Mato Grosso do Sul. Localmente,   ainda podem ocorrer tempestades com raios e rajadas de vento.\u00a0<\/p><p>Al\u00e9m  disso, com o avan\u00e7o da frente fria para todas as regi\u00f5es do  Estado, as  temperaturas ter\u00e3o queda significativa. Entre quinta e  sexta-feira  (15) devem ocorrer as menores temperaturas associadas \u00e0  passagem desta  frente fria principalmente na regi\u00e3o sul do Estado, com  m\u00ednimas entre 7  e 10\u00b0C e m\u00e1ximas de at\u00e9 19\u00b0C.<\/p><p>De acordo com o Cemtec, Campo  Grande ter\u00e1 m\u00ednima de 13\u00b0C e m\u00e1xima de  19\u00b0C. Em Dourados, 11\u00b0C pela  manh\u00e3 e 19\u00baC pela tarde. No leste do  Estado, em Anauril\u00e2ndia, os  term\u00f4metros marcam 12\u00b0C inicialmente e sobem  at\u00e9 os 18\u00baC. No Cone-sul,  Iguatemi registra m\u00ednima de 10\u00b0C e m\u00e1xima de  19\u00b0C. Em Ponta Por\u00e3,  valores ficam entre 9\u00b0C e 16\u00b0C.<\/p><p>Em Corumb\u00e1, na regi\u00e3o pantaneira, a  m\u00ednima ser\u00e1 de 15\u00b0C e m\u00e1xima de  21\u00b0C; Aquidauana ter\u00e1 varia\u00e7\u00e3o entre  14\u00b0C e 21\u00b0C. No sudoeste, Porto  Murtinho amanhece com 13\u00b0C e atinge os  22\u00b0C. No norte, Coxim ter\u00e1 17\u00b0C  cedo e alcan\u00e7ar\u00e1 os 25\u00b0C ao longo do  dia. No Bols\u00e3o, Tr\u00eas Lagoas  registra 15\u00b0C pela manh\u00e3 e 24\u00b0C de tarde.<\/p><p><a href=\"https:\/\/agenciadenoticias.ms.gov.br\/wp-content\/uploads\/2023\/09\/tempo-1409.jpg\"><img loading=\"lazy\" decoding=\"async\" width=\"570\" height=\"404\" class=\"alignnone wp-image-449820 size-full\" src=\"https:\/\/agenciadenoticias.ms.gov.br\/wp-content\/uploads\/2023\/09\/tempo-1409.jpg\" alt=\"\"><\/a><\/p><p><em>Heloisa Duim, Programa Est\u00e1gio Supervisionado<\/em> <em>Foto: \u00c1lvaro Rezende\/Arquivo<\/em><\/p><\/div><\/div><\/div><\/div><\/div><\/div><\/div><\/div><\/article><\/div><\/div><\/div><\/div><\/div><\/p>\n","protected":false},"excerpt":{"rendered":"<p>A previs\u00e3o do Cemtec (Centro de Monitoramento do Tempo e do Clima) para esta quinta-feira (14) \u00e9 de probabilidade de<\/p>\n","protected":false},"author":1,"featured_media":2544,"comment_status":"open","ping_status":"open","sticky":false,"template":"","format":"standard","meta":{"footnotes":""},"categories":[2],"tags":[],"class_list":["post-2662","post","type-post","status-publish","format-standard","has-post-thumbnail","hentry","category-noticias"],"_links":{"self":[{"href":"https:\/\/jornaloalvorada.com.br\/site\/wp-json\/wp\/v2\/posts\/2662","targetHints":{"allow":["GET"]}}],"collection":[{"href":"https:\/\/jornaloalvorada.com.br\/site\/wp-json\/wp\/v2\/posts"}],"about":[{"href":"https:\/\/jornaloalvorada.com.br\/site\/wp-json\/wp\/v2\/types\/post"}],"author":[{"embeddable":true,"href":"https:\/\/jornaloalvorada.com.br\/site\/wp-json\/wp\/v2\/users\/1"}],"replies":[{"embeddable":true,"href":"https:\/\/jornaloalvorada.com.br\/site\/wp-json\/wp\/v2\/comments?post=2662"}],"version-history":[{"count":1,"href":"https:\/\/jornaloalvorada.com.br\/site\/wp-json\/wp\/v2\/posts\/2662\/revisions"}],"predecessor-version":[{"id":2663,"href":"https:\/\/jornaloalvorada.com.br\/site\/wp-json\/wp\/v2\/posts\/2662\/revisions\/2663"}],"wp:featuredmedia":[{"embeddable":true,"href":"https:\/\/jornaloalvorada.com.br\/site\/wp-json\/wp\/v2\/media\/2544"}],"wp:attachment":[{"href":"https:\/\/jornaloalvorada.com.br\/site\/wp-json\/wp\/v2\/media?parent=2662"}],"wp:term":[{"taxonomy":"category","embeddable":true,"href":"https:\/\/jornaloalvorada.com.br\/site\/wp-json\/wp\/v2\/categories?post=2662"},{"taxonomy":"post_tag","embeddable":true,"href":"https:\/\/jornaloalvorada.com.br\/site\/wp-json\/wp\/v2\/tags?post=2662"}],"curies":[{"name":"wp","href":"https:\/\/api.w.org\/{rel}","templated":true}]}}