{"id":2655,"date":"2023-09-13T22:15:18","date_gmt":"2023-09-14T02:15:18","guid":{"rendered":"https:\/\/jornaloalvorada.com.br\/site\/?p=2655"},"modified":"2023-09-13T22:15:20","modified_gmt":"2023-09-14T02:15:20","slug":"2655","status":"publish","type":"post","link":"https:\/\/jornaloalvorada.com.br\/site\/2023\/09\/13\/2655\/","title":{"rendered":""},"content":{"rendered":"\n<p>Prefeito Jos\u00e9 Paleari recebendo no gabinete a visita do Lucas Souza, mais um jovem que acredita e confia na nossa gest\u00e3o e no potencial econ\u00f4mico de Nova Alvoarada do Sul.<\/p>\n","protected":false},"excerpt":{"rendered":"<p>Prefeito Jos\u00e9 Paleari recebendo no gabinete a visita do Lucas Souza, mais um jovem que acredita e confia na nossa<\/p>\n","protected":false},"author":1,"featured_media":2656,"comment_status":"open","ping_status":"open","sticky":false,"template":"","format":"standard","meta":{"footnotes":""},"categories":[3],"tags":[],"class_list":["post-2655","post","type-post","status-publish","format-standard","has-post-thumbnail","hentry","category-social"],"_links":{"self":[{"href":"https:\/\/jornaloalvorada.com.br\/site\/wp-json\/wp\/v2\/posts\/2655","targetHints":{"allow":["GET"]}}],"collection":[{"href":"https:\/\/jornaloalvorada.com.br\/site\/wp-json\/wp\/v2\/posts"}],"about":[{"href":"https:\/\/jornaloalvorada.com.br\/site\/wp-json\/wp\/v2\/types\/post"}],"author":[{"embeddable":true,"href":"https:\/\/jornaloalvorada.com.br\/site\/wp-json\/wp\/v2\/users\/1"}],"replies":[{"embeddable":true,"href":"https:\/\/jornaloalvorada.com.br\/site\/wp-json\/wp\/v2\/comments?post=2655"}],"version-history":[{"count":1,"href":"https:\/\/jornaloalvorada.com.br\/site\/wp-json\/wp\/v2\/posts\/2655\/revisions"}],"predecessor-version":[{"id":2657,"href":"https:\/\/jornaloalvorada.com.br\/site\/wp-json\/wp\/v2\/posts\/2655\/revisions\/2657"}],"wp:featuredmedia":[{"embeddable":true,"href":"https:\/\/jornaloalvorada.com.br\/site\/wp-json\/wp\/v2\/media\/2656"}],"wp:attachment":[{"href":"https:\/\/jornaloalvorada.com.br\/site\/wp-json\/wp\/v2\/media?parent=2655"}],"wp:term":[{"taxonomy":"category","embeddable":true,"href":"https:\/\/jornaloalvorada.com.br\/site\/wp-json\/wp\/v2\/categories?post=2655"},{"taxonomy":"post_tag","embeddable":true,"href":"https:\/\/jornaloalvorada.com.br\/site\/wp-json\/wp\/v2\/tags?post=2655"}],"curies":[{"name":"wp","href":"https:\/\/api.w.org\/{rel}","templated":true}]}}