{"id":2648,"date":"2023-09-13T08:58:58","date_gmt":"2023-09-13T12:58:58","guid":{"rendered":"https:\/\/jornaloalvorada.com.br\/site\/?p=2648"},"modified":"2023-09-13T08:59:00","modified_gmt":"2023-09-13T12:59:00","slug":"autoridades-confirmam-mais-de-53-mil-mortes-apos-inundacoes-na-libia","status":"publish","type":"post","link":"https:\/\/jornaloalvorada.com.br\/site\/2023\/09\/13\/autoridades-confirmam-mais-de-53-mil-mortes-apos-inundacoes-na-libia\/","title":{"rendered":"Autoridades confirmam mais de 5,3 mil mortes ap\u00f3s inunda\u00e7\u00f5es na L\u00edbia"},"content":{"rendered":"\n<p>As fortes inunda\u00e7\u00f5es na L\u00edbia, provocadas pela tempestade Daniel, j\u00e1 causaram mais de cinco mil mortes, e as autoridades avisam que esse n\u00famero pode duplicar, j\u00e1 que existem mais de dez mil desaparecidos. A Organiza\u00e7\u00e3o Internacional para as Migra\u00e7\u00f5es (OIM) confirmou que existem pelo menos 30 mil deslocados na cidade de Derna.<img decoding=\"async\" src=\"https:\/\/agenciabrasil.ebc.com.br\/ebc.png?id=1554944&amp;o=node\"><\/p>\n\n\n\n<p>O n\u00famero de mortos ap\u00f3s as inunda\u00e7\u00f5es provocadas pela passagem da tempestade Daniel continua a aumentar e j\u00e1 supera 5,3 mil.As autoridades alertam que o n\u00famero de v\u00edtimas pode duplicar, enquanto corpos continuam a surgir na costa no Leste da L\u00edbia.\u201dO mar traz, constantemente, dezenas de corpos\u201d, disse \u00e0 Reuters Hichem AbuChkiouat, ministro da Avia\u00e7\u00e3o Civil da administra\u00e7\u00e3o que governa o Leste do pa\u00eds.<\/p>\n\n\n\n<p>\u201cContamos mais de 5,3 mil mortos at\u00e9 agora e o n\u00famero dever\u00e1 aumentar significativamente, podendo at\u00e9 duplicar, porque o n\u00famero de desaparecidos tamb\u00e9m \u00e9 de milhares\u201d, afirmou AbuChkiouat.Al\u00e9m dos desaparecidos, Ag\u00eancia para as Migra\u00e7\u00f5es das Na\u00e7\u00f5es Unidas anunciou nesta quarta-feira que h\u00e1 dezenas de milhares de deslocados na cidade de Derna.\u201dH\u00e1 pelo menos 30 mil pessoas deslocadas em Derna\u201d, disse a Organiza\u00e7\u00e3o Internacional para as Migra\u00e7\u00f5es (OIM) em relat\u00f3rio.<\/p>\n\n\n\n<p>Segundo a ag\u00eancia, estima-se ainda que h\u00e1 tr\u00eas mil desaparecidos em al-Bayda e mais de dois mil em Benghazi, outras cidades mais a oeste do pa\u00eds.Rompimento de barragemA tempestade Daniel atingiu a costa Leste da L\u00edbia na tarde de domingo (10), atingindo a metr\u00f3pole de Benghazi antes de seguir para leste.Durante a noite de domingo, duas barragens em Wadi Derna colapsaram e liberaram 33 milh\u00f5es de metros c\u00fabicos de \u00e1gua. A massa de lama e detritos varreu bairros inteiros e deixou parte da cidade de Derna irreconhec\u00edvel. Estima-se que cerca de um quarto da cidade tenha sido destru\u00edda.<\/p>\n\n\n\n<p>Nos \u00faltimos dias, v\u00e1rios pa\u00edses ofereceram ajuda \u00e0 L\u00edbia. Turquia e Emirados \u00c1rabes enviaram equipes de resgate.Tamb\u00e9m a Jord\u00e2nia, It\u00e1lia, Arg\u00e9lia e o Egito j\u00e1 enviaram ajuda para o pa\u00eds. A Fran\u00e7a anunciou a instala\u00e7\u00e3o de um hospital de campanha para ajudar as popula\u00e7\u00f5es afetadas, enquanto os Estados Unidos decidiram enviar \u201cfundos de emerg\u00eancia para organiza\u00e7\u00f5es de ajuda humanit\u00e1ria\u201d e est\u00e3o se coordenando com as autoridades l\u00edbias e a ONU para enviar apoio adicional.O governo l\u00edbio lan\u00e7ou apelos por ajuda internacional e decretou estado de cat\u00e1strofe no Leste da L\u00edbia. Tamb\u00e9m foi decretado luto de tr\u00eas dias.<em> <\/em><\/p>\n\n\n\n<p><em>Fonte: Ag\u00eancia Brasil<\/em><\/p>\n","protected":false},"excerpt":{"rendered":"<p>As fortes inunda\u00e7\u00f5es na L\u00edbia, provocadas pela tempestade Daniel, j\u00e1 causaram mais de cinco mil mortes, e as autoridades avisam<\/p>\n","protected":false},"author":1,"featured_media":2649,"comment_status":"open","ping_status":"open","sticky":false,"template":"","format":"standard","meta":{"footnotes":""},"categories":[2],"tags":[],"class_list":["post-2648","post","type-post","status-publish","format-standard","has-post-thumbnail","hentry","category-noticias"],"_links":{"self":[{"href":"https:\/\/jornaloalvorada.com.br\/site\/wp-json\/wp\/v2\/posts\/2648","targetHints":{"allow":["GET"]}}],"collection":[{"href":"https:\/\/jornaloalvorada.com.br\/site\/wp-json\/wp\/v2\/posts"}],"about":[{"href":"https:\/\/jornaloalvorada.com.br\/site\/wp-json\/wp\/v2\/types\/post"}],"author":[{"embeddable":true,"href":"https:\/\/jornaloalvorada.com.br\/site\/wp-json\/wp\/v2\/users\/1"}],"replies":[{"embeddable":true,"href":"https:\/\/jornaloalvorada.com.br\/site\/wp-json\/wp\/v2\/comments?post=2648"}],"version-history":[{"count":1,"href":"https:\/\/jornaloalvorada.com.br\/site\/wp-json\/wp\/v2\/posts\/2648\/revisions"}],"predecessor-version":[{"id":2650,"href":"https:\/\/jornaloalvorada.com.br\/site\/wp-json\/wp\/v2\/posts\/2648\/revisions\/2650"}],"wp:featuredmedia":[{"embeddable":true,"href":"https:\/\/jornaloalvorada.com.br\/site\/wp-json\/wp\/v2\/media\/2649"}],"wp:attachment":[{"href":"https:\/\/jornaloalvorada.com.br\/site\/wp-json\/wp\/v2\/media?parent=2648"}],"wp:term":[{"taxonomy":"category","embeddable":true,"href":"https:\/\/jornaloalvorada.com.br\/site\/wp-json\/wp\/v2\/categories?post=2648"},{"taxonomy":"post_tag","embeddable":true,"href":"https:\/\/jornaloalvorada.com.br\/site\/wp-json\/wp\/v2\/tags?post=2648"}],"curies":[{"name":"wp","href":"https:\/\/api.w.org\/{rel}","templated":true}]}}