{"id":2646,"date":"2023-09-13T08:56:49","date_gmt":"2023-09-13T12:56:49","guid":{"rendered":"https:\/\/jornaloalvorada.com.br\/site\/?p=2646"},"modified":"2023-09-13T08:56:52","modified_gmt":"2023-09-13T12:56:52","slug":"quarta-feira-tem-previsao-de-chuvas-em-mato-grosso-do-sul","status":"publish","type":"post","link":"https:\/\/jornaloalvorada.com.br\/site\/2023\/09\/13\/quarta-feira-tem-previsao-de-chuvas-em-mato-grosso-do-sul\/","title":{"rendered":"Quarta-feira tem previs\u00e3o de chuvas em Mato Grosso do Sul"},"content":{"rendered":"\n<p><div id=\"page\" class=\"hfeed site\"><div id=\"main\" class=\"clearfix\"><div class=\"inner-wrap clearfix\"><div id=\"primary\"><div id=\"content\" class=\"clearfix\"><article id=\"post-4434\" class=\"post-4434 post type-post status-publish format-standard has-post-thumbnail hentry category-clima\"><div class=\"article-content clearfix\"><div class=\"entry-content clearfix\"><div id=\"single\"><div class=\"container\"><div class=\"row\"><div class=\"col-12  col-lg-8\"><div class=\"post-449719 post type-post status-publish format-standard has-post-thumbnail hentry category-tempo tag-destaque1\" id=\"post-449719\"><div class=\"entry\"><p>A  previs\u00e3o do Cemtec (Centro de Monitoramento do  Tempo e do Clima) para  esta quarta-feira (13) \u00e9 de tempo inst\u00e1vel com  possibilidade de chuva  que pode variar de fraca a moderada a tempestades  com raios, rajadas de  vento e eventual queda de granizo.<\/p> <p>Campo Grande ter\u00e1 m\u00ednima de  20\u00b0C e m\u00e1xima de 33\u00b0C. Em Dourados, 15\u00b0C  pela manh\u00e3 e 29\u00baC pela tarde.  No leste do Estado, em Anauril\u00e2ndia, os  term\u00f4metros marcam 18\u00b0C  inicialmente e sobem at\u00e9 os 34\u00baC. No Conesul,  Iguatemi registra m\u00ednima  de 13\u00b0C e m\u00e1xima de 26\u00b0C. Em Ponta Por\u00e3,  valores ficam entre 12\u00b0C e  26\u00b0C.<\/p> <p>Em Corumb\u00e1, na regi\u00e3o pantaneira, a m\u00ednima ser\u00e1 de 18\u00b0C e  m\u00e1xima de  28\u00b0C; Aquidauana ter\u00e1 varia\u00e7\u00e3o entre 18\u00b0C e 30\u00b0C. No  sudoeste, Porto  Murtinho amanhece com 14\u00b0C e atinge os 26\u00b0C. No norte,  Coxim ter\u00e1 23\u00b0C  cedo e alcan\u00e7ar\u00e1 os 37\u00b0C ao longo do dia. No Bols\u00e3o,  Tr\u00eas Lagoas  registra 21\u00b0C pela manh\u00e3 e 37\u00b0C de tarde.<\/p> <p><a href=\"https:\/\/agenciadenoticias.ms.gov.br\/wp-content\/uploads\/2023\/09\/mapa-tempo-13-de-set.jpg\"><img loading=\"lazy\" decoding=\"async\" width=\"1116\" height=\"780\" class=\"aligncenter size-full wp-image-449722\" src=\"https:\/\/agenciadenoticias.ms.gov.br\/wp-content\/uploads\/2023\/09\/mapa-tempo-13-de-set.jpg\" alt=\"\"><\/a><\/p> <p><em>Heloisa Duim, do Programa de Est\u00e1gio Supervisionado<\/em><\/p> <p><em>Foto: \u00c1lvaro Rezende<\/em><\/p> <\/div><\/div><\/div><\/div><\/div><\/div><\/div><\/div><\/article><\/div><\/div><\/div><\/div><\/div><\/p>\n","protected":false},"excerpt":{"rendered":"<p>A previs\u00e3o do Cemtec (Centro de Monitoramento do Tempo e do Clima) para esta quarta-feira (13) \u00e9 de tempo inst\u00e1vel<\/p>\n","protected":false},"author":1,"featured_media":1167,"comment_status":"open","ping_status":"open","sticky":false,"template":"","format":"standard","meta":{"footnotes":""},"categories":[2],"tags":[],"class_list":["post-2646","post","type-post","status-publish","format-standard","has-post-thumbnail","hentry","category-noticias"],"_links":{"self":[{"href":"https:\/\/jornaloalvorada.com.br\/site\/wp-json\/wp\/v2\/posts\/2646","targetHints":{"allow":["GET"]}}],"collection":[{"href":"https:\/\/jornaloalvorada.com.br\/site\/wp-json\/wp\/v2\/posts"}],"about":[{"href":"https:\/\/jornaloalvorada.com.br\/site\/wp-json\/wp\/v2\/types\/post"}],"author":[{"embeddable":true,"href":"https:\/\/jornaloalvorada.com.br\/site\/wp-json\/wp\/v2\/users\/1"}],"replies":[{"embeddable":true,"href":"https:\/\/jornaloalvorada.com.br\/site\/wp-json\/wp\/v2\/comments?post=2646"}],"version-history":[{"count":1,"href":"https:\/\/jornaloalvorada.com.br\/site\/wp-json\/wp\/v2\/posts\/2646\/revisions"}],"predecessor-version":[{"id":2647,"href":"https:\/\/jornaloalvorada.com.br\/site\/wp-json\/wp\/v2\/posts\/2646\/revisions\/2647"}],"wp:featuredmedia":[{"embeddable":true,"href":"https:\/\/jornaloalvorada.com.br\/site\/wp-json\/wp\/v2\/media\/1167"}],"wp:attachment":[{"href":"https:\/\/jornaloalvorada.com.br\/site\/wp-json\/wp\/v2\/media?parent=2646"}],"wp:term":[{"taxonomy":"category","embeddable":true,"href":"https:\/\/jornaloalvorada.com.br\/site\/wp-json\/wp\/v2\/categories?post=2646"},{"taxonomy":"post_tag","embeddable":true,"href":"https:\/\/jornaloalvorada.com.br\/site\/wp-json\/wp\/v2\/tags?post=2646"}],"curies":[{"name":"wp","href":"https:\/\/api.w.org\/{rel}","templated":true}]}}