{"id":2631,"date":"2023-09-11T17:22:09","date_gmt":"2023-09-11T21:22:09","guid":{"rendered":"https:\/\/jornaloalvorada.com.br\/site\/?p=2631"},"modified":"2023-09-11T17:22:12","modified_gmt":"2023-09-11T21:22:12","slug":"prefeitura-de-nova-alvorada-do-sul-promove-4a-etapa-da-15a-copa-regional-de-malha-de-ms","status":"publish","type":"post","link":"https:\/\/jornaloalvorada.com.br\/site\/2023\/09\/11\/prefeitura-de-nova-alvorada-do-sul-promove-4a-etapa-da-15a-copa-regional-de-malha-de-ms\/","title":{"rendered":"Prefeitura de Nova Alvorada do Sul promove 4\u00aa etapa da 15\u00aa Copa Regional de Malha de MS"},"content":{"rendered":"\n<p>A Prefeitura de Nova Alvorada do Sul, por meio da Coordenadoria de Esporte, promoveu no \u00faltimo domingo (10) a 4\u00aa etapa da 15\u00aa Copa Regional de Malha de Mato Grosso do Sul. O evento esportivo aconteceu no Parque Nelson Terer\u00e9 e reuniu cerca de 60 atletas de diversas cidades da regi\u00e3o.Participaram da competi\u00e7\u00e3o atletas representando Nova Alvorada do Sul, Jate\u00ed, Mundo Novo, Ang\u00e9lica, Gl\u00f3ria de Dourados e o Distrito de Guassul\u00e2ndia, que pertence a Gl\u00f3ria de Dourados. A presen\u00e7a de competidores de v\u00e1rias localidades demonstra o alcance regional deste evento esportivo e a import\u00e2ncia que ele tem conquistado ao longo dos anos.No in\u00edcio do m\u00eas, o prefeito Jos\u00e9 Paulo Paleari entregou a reforma de mais uma quadra de malha no Parque Nelson Terer\u00e9 e realizou ainda a entrega de novos uniformes para as equipes de malha do munic\u00edpio.O prefeito Paleari enfatizou a import\u00e2ncia do esporte como meio de integra\u00e7\u00e3o e qualidade de vida para a comunidade, declarando: &#8220;Eventos como a Copa Regional de Malha e o investimento em infraestrutura esportiva, como a reforma da quadra e a entrega de uniformes, s\u00e3o formas de promover o esporte e fortalecer nossos la\u00e7os comunit\u00e1rios. Estamos investindo n\u00e3o s\u00f3 na malha, mas tamb\u00e9m em muitas modalidades, para que nosso munic\u00edpio continue forte sendo refer\u00eancia no estado. Parabenizo todos os atletas, equipes e envolvidos por mais esse sucesso esportivo em Nova Alvorada do Sul.&#8221;Os torneios de malha s\u00e3o muito tradicionais em Nova Alvorada do Sul, promovem o esporte, s\u00e3o uma competi\u00e7\u00e3o saud\u00e1vel e fortalecem la\u00e7os. Al\u00e9m disso, incentivam a pr\u00e1tica esportiva, proporcionando momentos de lazer e entretenimento para os participantes e espectadores n\u00e3o s\u00f3 da melhor idade, mas tamb\u00e9m de jovens amantes do esporte.A classifica\u00e7\u00e3o final ficou assim:1\u00ba lugar: Waltenir e Fazendeiro (Nova Alvorada do Sul)2\u00ba lugar: Paul\u00e3o e Viola (Gl\u00f3ria de Dourados)3\u00ba lugar: Neto e C\u00edcero (Jate\u00ed)4\u00ba lugar: Tiao e Louro (Ang\u00e9lica)<\/p>\n","protected":false},"excerpt":{"rendered":"<p>A Prefeitura de Nova Alvorada do Sul, por meio da Coordenadoria de Esporte, promoveu no \u00faltimo domingo (10) a 4\u00aa<\/p>\n","protected":false},"author":1,"featured_media":2632,"comment_status":"open","ping_status":"open","sticky":false,"template":"","format":"standard","meta":{"footnotes":""},"categories":[2],"tags":[],"class_list":["post-2631","post","type-post","status-publish","format-standard","has-post-thumbnail","hentry","category-noticias"],"_links":{"self":[{"href":"https:\/\/jornaloalvorada.com.br\/site\/wp-json\/wp\/v2\/posts\/2631","targetHints":{"allow":["GET"]}}],"collection":[{"href":"https:\/\/jornaloalvorada.com.br\/site\/wp-json\/wp\/v2\/posts"}],"about":[{"href":"https:\/\/jornaloalvorada.com.br\/site\/wp-json\/wp\/v2\/types\/post"}],"author":[{"embeddable":true,"href":"https:\/\/jornaloalvorada.com.br\/site\/wp-json\/wp\/v2\/users\/1"}],"replies":[{"embeddable":true,"href":"https:\/\/jornaloalvorada.com.br\/site\/wp-json\/wp\/v2\/comments?post=2631"}],"version-history":[{"count":1,"href":"https:\/\/jornaloalvorada.com.br\/site\/wp-json\/wp\/v2\/posts\/2631\/revisions"}],"predecessor-version":[{"id":2633,"href":"https:\/\/jornaloalvorada.com.br\/site\/wp-json\/wp\/v2\/posts\/2631\/revisions\/2633"}],"wp:featuredmedia":[{"embeddable":true,"href":"https:\/\/jornaloalvorada.com.br\/site\/wp-json\/wp\/v2\/media\/2632"}],"wp:attachment":[{"href":"https:\/\/jornaloalvorada.com.br\/site\/wp-json\/wp\/v2\/media?parent=2631"}],"wp:term":[{"taxonomy":"category","embeddable":true,"href":"https:\/\/jornaloalvorada.com.br\/site\/wp-json\/wp\/v2\/categories?post=2631"},{"taxonomy":"post_tag","embeddable":true,"href":"https:\/\/jornaloalvorada.com.br\/site\/wp-json\/wp\/v2\/tags?post=2631"}],"curies":[{"name":"wp","href":"https:\/\/api.w.org\/{rel}","templated":true}]}}