{"id":2625,"date":"2023-09-11T08:40:22","date_gmt":"2023-09-11T12:40:22","guid":{"rendered":"https:\/\/jornaloalvorada.com.br\/site\/?p=2625"},"modified":"2023-09-11T08:40:25","modified_gmt":"2023-09-11T12:40:25","slug":"festa-do-padroeiro-da-comunidade-sagrado-coracao-de-jesus","status":"publish","type":"post","link":"https:\/\/jornaloalvorada.com.br\/site\/2023\/09\/11\/festa-do-padroeiro-da-comunidade-sagrado-coracao-de-jesus\/","title":{"rendered":"Festa do Padroeiro da Comunidade Sagrado Cora\u00e7\u00e3o de Jesus"},"content":{"rendered":"\n<p>Prefeito de Nova Alvorada do Sul, Jos\u00e9 Paulo Paleari <span class=\"x193iq5w xeuugli x13faqbe x1vvkbs x1xmvt09 x1lliihq x1s928wv xhkezso x1gmr53x x1cpjm7i x1fgarty x1943h6x xudqn12 x3x7a5m x6prxxf xvq8zen xo1l8bm xzsf02u x1yc453h\" dir=\"auto\">participa de mais uma edi\u00e7\u00e3o da tradicional Festa do  Padroeiro da Comunidade Sagrado Cora\u00e7\u00e3o de Jesus, no Assentamento Volta  Redonda.<\/span><\/p>\n","protected":false},"excerpt":{"rendered":"<p>Prefeito de Nova Alvorada do Sul, Jos\u00e9 Paulo Paleari participa de mais uma edi\u00e7\u00e3o da tradicional Festa do Padroeiro da<\/p>\n","protected":false},"author":1,"featured_media":2626,"comment_status":"open","ping_status":"open","sticky":false,"template":"","format":"standard","meta":{"footnotes":""},"categories":[3],"tags":[],"class_list":["post-2625","post","type-post","status-publish","format-standard","has-post-thumbnail","hentry","category-social"],"_links":{"self":[{"href":"https:\/\/jornaloalvorada.com.br\/site\/wp-json\/wp\/v2\/posts\/2625","targetHints":{"allow":["GET"]}}],"collection":[{"href":"https:\/\/jornaloalvorada.com.br\/site\/wp-json\/wp\/v2\/posts"}],"about":[{"href":"https:\/\/jornaloalvorada.com.br\/site\/wp-json\/wp\/v2\/types\/post"}],"author":[{"embeddable":true,"href":"https:\/\/jornaloalvorada.com.br\/site\/wp-json\/wp\/v2\/users\/1"}],"replies":[{"embeddable":true,"href":"https:\/\/jornaloalvorada.com.br\/site\/wp-json\/wp\/v2\/comments?post=2625"}],"version-history":[{"count":1,"href":"https:\/\/jornaloalvorada.com.br\/site\/wp-json\/wp\/v2\/posts\/2625\/revisions"}],"predecessor-version":[{"id":2627,"href":"https:\/\/jornaloalvorada.com.br\/site\/wp-json\/wp\/v2\/posts\/2625\/revisions\/2627"}],"wp:featuredmedia":[{"embeddable":true,"href":"https:\/\/jornaloalvorada.com.br\/site\/wp-json\/wp\/v2\/media\/2626"}],"wp:attachment":[{"href":"https:\/\/jornaloalvorada.com.br\/site\/wp-json\/wp\/v2\/media?parent=2625"}],"wp:term":[{"taxonomy":"category","embeddable":true,"href":"https:\/\/jornaloalvorada.com.br\/site\/wp-json\/wp\/v2\/categories?post=2625"},{"taxonomy":"post_tag","embeddable":true,"href":"https:\/\/jornaloalvorada.com.br\/site\/wp-json\/wp\/v2\/tags?post=2625"}],"curies":[{"name":"wp","href":"https:\/\/api.w.org\/{rel}","templated":true}]}}