{"id":2576,"date":"2023-08-31T08:48:26","date_gmt":"2023-08-31T12:48:26","guid":{"rendered":"https:\/\/jornaloalvorada.com.br\/site\/?p=2576"},"modified":"2023-08-31T08:48:29","modified_gmt":"2023-08-31T12:48:29","slug":"previsao-de-tempo-instavel-e-chuvas-em-ms-nesta-quinta-feira","status":"publish","type":"post","link":"https:\/\/jornaloalvorada.com.br\/site\/2023\/08\/31\/previsao-de-tempo-instavel-e-chuvas-em-ms-nesta-quinta-feira\/","title":{"rendered":"Previs\u00e3o de tempo inst\u00e1vel e chuvas em MS nesta quinta-feira"},"content":{"rendered":"\n<p>A previs\u00e3o do Cemtec (Centro de Monitoramento do Tempo e do Clima) para esta quinta-feira (31) \u00e9 de tempo inst\u00e1vel, com probabilidade de chuvas de intensidade fraca a moderada em grande parte de Mato Grosso do Sul. Localmente, podem ocorrer tempestades com raios e rajadas de vento.<\/p>\n\n\n\n<p>De acordo com o Cemtec, Campo Grande ter\u00e1 m\u00ednima de 20\u00b0C e m\u00e1xima de 29\u00b0C. Em Dourados, 18\u00b0C pela manh\u00e3 e 25\u00baC pela tarde. No leste do Estado, em Anauril\u00e2ndia, os term\u00f4metros marcam 18\u00b0C inicialmente e sobem at\u00e9 os 26\u00baC. No Cone-sul, Iguatemi registra m\u00ednima de 18\u00b0C e m\u00e1xima de 26\u00b0C. Em Ponta Por\u00e3, valores ficam entre 19\u00b0C e 23\u00b0C.<\/p>\n\n\n\n<p>Em Corumb\u00e1, na regi\u00e3o pantaneira, a m\u00ednima ser\u00e1 de 25\u00b0C e m\u00e1xima de 33\u00b0C; Aquidauana ter\u00e1 varia\u00e7\u00e3o entre 23\u00b0C e 32\u00b0C. No sudoeste, Porto Murtinho amanhece com 24\u00b0C e atinge os 32\u00b0C. No norte, Coxim ter\u00e1 23\u00b0C cedo e alcan\u00e7ar\u00e1 os 33\u00b0C ao longo do dia. No Bols\u00e3o, Tr\u00eas Lagoas registra 18\u00b0C pela manh\u00e3 e 28\u00b0C de tarde.<\/p>\n\n\n\n<figure class=\"wp-block-image\"><a href=\"https:\/\/agenciadenoticias.ms.gov.br\/wp-content\/uploads\/2023\/08\/tempo-3108.jpg\"><img decoding=\"async\" src=\"https:\/\/agenciadenoticias.ms.gov.br\/wp-content\/uploads\/2023\/08\/tempo-3108.jpg\" alt=\"\" class=\"wp-image-448455\"\/><\/a><\/figure>\n\n\n\n<p><em>Heloisa Duim, Programa Est\u00e1gio Supervisionado<\/em><br><em>Foto: \u00c1lvaro Rezende\/Arquivo<\/em><\/p>\n","protected":false},"excerpt":{"rendered":"<p>A previs\u00e3o do Cemtec (Centro de Monitoramento do Tempo e do Clima) para esta quinta-feira (31) \u00e9 de tempo inst\u00e1vel,<\/p>\n","protected":false},"author":1,"featured_media":2561,"comment_status":"open","ping_status":"open","sticky":false,"template":"","format":"standard","meta":{"footnotes":""},"categories":[2],"tags":[],"class_list":["post-2576","post","type-post","status-publish","format-standard","has-post-thumbnail","hentry","category-noticias"],"_links":{"self":[{"href":"https:\/\/jornaloalvorada.com.br\/site\/wp-json\/wp\/v2\/posts\/2576","targetHints":{"allow":["GET"]}}],"collection":[{"href":"https:\/\/jornaloalvorada.com.br\/site\/wp-json\/wp\/v2\/posts"}],"about":[{"href":"https:\/\/jornaloalvorada.com.br\/site\/wp-json\/wp\/v2\/types\/post"}],"author":[{"embeddable":true,"href":"https:\/\/jornaloalvorada.com.br\/site\/wp-json\/wp\/v2\/users\/1"}],"replies":[{"embeddable":true,"href":"https:\/\/jornaloalvorada.com.br\/site\/wp-json\/wp\/v2\/comments?post=2576"}],"version-history":[{"count":1,"href":"https:\/\/jornaloalvorada.com.br\/site\/wp-json\/wp\/v2\/posts\/2576\/revisions"}],"predecessor-version":[{"id":2577,"href":"https:\/\/jornaloalvorada.com.br\/site\/wp-json\/wp\/v2\/posts\/2576\/revisions\/2577"}],"wp:featuredmedia":[{"embeddable":true,"href":"https:\/\/jornaloalvorada.com.br\/site\/wp-json\/wp\/v2\/media\/2561"}],"wp:attachment":[{"href":"https:\/\/jornaloalvorada.com.br\/site\/wp-json\/wp\/v2\/media?parent=2576"}],"wp:term":[{"taxonomy":"category","embeddable":true,"href":"https:\/\/jornaloalvorada.com.br\/site\/wp-json\/wp\/v2\/categories?post=2576"},{"taxonomy":"post_tag","embeddable":true,"href":"https:\/\/jornaloalvorada.com.br\/site\/wp-json\/wp\/v2\/tags?post=2576"}],"curies":[{"name":"wp","href":"https:\/\/api.w.org\/{rel}","templated":true}]}}