{"id":2557,"date":"2023-08-29T18:14:27","date_gmt":"2023-08-29T22:14:27","guid":{"rendered":"https:\/\/jornaloalvorada.com.br\/site\/?p=2557"},"modified":"2023-08-29T18:14:30","modified_gmt":"2023-08-29T22:14:30","slug":"prefeito-paleari-entrega-termo-definitivo-de-terreno-a-familias-de-loteamentos-de-nova-alvorada-do-sul","status":"publish","type":"post","link":"https:\/\/jornaloalvorada.com.br\/site\/2023\/08\/29\/prefeito-paleari-entrega-termo-definitivo-de-terreno-a-familias-de-loteamentos-de-nova-alvorada-do-sul\/","title":{"rendered":"Prefeito Paleari entrega Termo Definitivo de Terreno a fam\u00edlias de loteamentos de Nova Alvorada do Sul"},"content":{"rendered":"\n<p>Uma data marcante para nove fam\u00edlias de Nova Alvorada do Sul. Nesta ter\u00e7a-feira (29), o Prefeito Jos\u00e9 Paulo Paleari realizou na Prefeitura Municipal, a entrega dos termos definitivos de terreno para moradores dos loteamentos Elio Fernando, Nilton Nogueira, Jaime Medeiros e Vacilio Dias. Essa a\u00e7\u00e3o representa um passo significativo para a regulariza\u00e7\u00e3o das propriedades e o reconhecimento legal dos direitos dessas fam\u00edlias.<\/p>\n\n\n\n<p>Anteriormente, os moradores detinham apenas a posse dos lotes, mas agora, com a entrega dos termos definitivos, eles obt\u00eam a seguran\u00e7a jur\u00eddica necess\u00e1ria para o que \u00e9 legitimamente seu. Para muitas fam\u00edlias, essa \u00e9 uma conquista esperada h\u00e1 mais de duas d\u00e9cadas, marcando um momento de realiza\u00e7\u00e3o e estabilidade.<\/p>\n\n\n\n<p>O Prefeito Jos\u00e9 Paulo Paleari destacou a import\u00e2ncia desse momento: &#8220;Hoje \u00e9 um dia de realiza\u00e7\u00e3o para essas fam\u00edlias que agora t\u00eam a seguran\u00e7a de que o terreno que ocupam \u00e9 de fato deles. Estamos trabalhando para proporcionar melhores condi\u00e7\u00f5es de vida para nossos mun\u00edcipes, e a entrega desses termos definitivos \u00e9 parte desse compromisso&#8221;.<\/p>\n\n\n\n<p>O processo de concess\u00e3o do termo definitivo de doa\u00e7\u00e3o segue crit\u00e9rios espec\u00edficos, baseados em requisitos pr\u00e9-estabelecidos. Os contemplados com a posse dos lotes passaram por um processo criterioso para garantir que se encaixassem nos crit\u00e9rios necess\u00e1rios para receberem a doa\u00e7\u00e3o definitiva.Os moradores receberam das m\u00e3os do Prefeito Municipal Jos\u00e9 Paulo Paleari e do Coordenador de Habita\u00e7\u00e3o, Irani, os termos definitivos que formalizam a propriedade dos terrenos.<\/p>\n","protected":false},"excerpt":{"rendered":"<p>Uma data marcante para nove fam\u00edlias de Nova Alvorada do Sul. Nesta ter\u00e7a-feira (29), o Prefeito Jos\u00e9 Paulo Paleari realizou<\/p>\n","protected":false},"author":1,"featured_media":2558,"comment_status":"open","ping_status":"open","sticky":false,"template":"","format":"standard","meta":{"footnotes":""},"categories":[2],"tags":[],"class_list":["post-2557","post","type-post","status-publish","format-standard","has-post-thumbnail","hentry","category-noticias"],"_links":{"self":[{"href":"https:\/\/jornaloalvorada.com.br\/site\/wp-json\/wp\/v2\/posts\/2557","targetHints":{"allow":["GET"]}}],"collection":[{"href":"https:\/\/jornaloalvorada.com.br\/site\/wp-json\/wp\/v2\/posts"}],"about":[{"href":"https:\/\/jornaloalvorada.com.br\/site\/wp-json\/wp\/v2\/types\/post"}],"author":[{"embeddable":true,"href":"https:\/\/jornaloalvorada.com.br\/site\/wp-json\/wp\/v2\/users\/1"}],"replies":[{"embeddable":true,"href":"https:\/\/jornaloalvorada.com.br\/site\/wp-json\/wp\/v2\/comments?post=2557"}],"version-history":[{"count":1,"href":"https:\/\/jornaloalvorada.com.br\/site\/wp-json\/wp\/v2\/posts\/2557\/revisions"}],"predecessor-version":[{"id":2559,"href":"https:\/\/jornaloalvorada.com.br\/site\/wp-json\/wp\/v2\/posts\/2557\/revisions\/2559"}],"wp:featuredmedia":[{"embeddable":true,"href":"https:\/\/jornaloalvorada.com.br\/site\/wp-json\/wp\/v2\/media\/2558"}],"wp:attachment":[{"href":"https:\/\/jornaloalvorada.com.br\/site\/wp-json\/wp\/v2\/media?parent=2557"}],"wp:term":[{"taxonomy":"category","embeddable":true,"href":"https:\/\/jornaloalvorada.com.br\/site\/wp-json\/wp\/v2\/categories?post=2557"},{"taxonomy":"post_tag","embeddable":true,"href":"https:\/\/jornaloalvorada.com.br\/site\/wp-json\/wp\/v2\/tags?post=2557"}],"curies":[{"name":"wp","href":"https:\/\/api.w.org\/{rel}","templated":true}]}}