{"id":2553,"date":"2023-08-29T16:15:26","date_gmt":"2023-08-29T20:15:26","guid":{"rendered":"https:\/\/jornaloalvorada.com.br\/site\/?p=2553"},"modified":"2023-08-29T16:15:29","modified_gmt":"2023-08-29T20:15:29","slug":"show-imperdivel-de-matogrosso-e-mathias-marcara-o-aniversario-de-32-anos-de-nova-alvorada-do-sul","status":"publish","type":"post","link":"https:\/\/jornaloalvorada.com.br\/site\/2023\/08\/29\/show-imperdivel-de-matogrosso-e-mathias-marcara-o-aniversario-de-32-anos-de-nova-alvorada-do-sul\/","title":{"rendered":"Show Imperd\u00edvel de Matogrosso e Mathias Marcar\u00e1 o Anivers\u00e1rio de 32 Anos de Nova Alvorada do Sul"},"content":{"rendered":"\n<p>Em outubro, o munic\u00edpio de Nova Alvorada do Sul celebrar\u00e1 com grande entusiasmo seus 32 anos de emancipa\u00e7\u00e3o pol\u00edtica. E para tornar essa ocasi\u00e3o ainda mais especial, o Prefeito Jos\u00e9 Paulo Paleari anunciou nesta semana uma das atra\u00e7\u00f5es musicais que animar\u00e3o a cidade durante a semana de festividade.<\/p>\n\n\n\n<p>O prefeito Jos\u00e9 Paulo Paleari expressou seu entusiasmo: &#8220;Estamos preparando uma celebra\u00e7\u00e3o \u00e0 altura da nossa querida Nova Alvorada do Sul. O show de Matogrosso e Mathias \u00e9 apenas o come\u00e7o de uma programa\u00e7\u00e3o diversificada que encher\u00e1 nossa cidade de alegria e unir\u00e1 nossa comunidade&#8221;.<\/p>\n\n\n\n<p>Com uma carreira s\u00f3lida e sucessos que marcaram gera\u00e7\u00f5es, Matogrosso e Mathias foi a primeira atra\u00e7\u00e3o confirmada nesta semana para a festividade em comemora\u00e7\u00e3o ao anivers\u00e1rio da cidade. A dupla, conhecida por can\u00e7\u00f5es ic\u00f4nicas, trar\u00e1 sua energia contagiante e talento ao palco para animar o p\u00fablico presente. O show de Matogrosso e Mathias \u00e9 apenas uma das atra\u00e7\u00f5es que compor\u00e3o a programa\u00e7\u00e3o festiva do anivers\u00e1rio de Nova Alvorada do Sul. <\/p>\n\n\n\n<p>A prefeitura est\u00e1 preparando uma s\u00e9rie de eventos, lan\u00e7amentos de obras, inaugura\u00e7\u00f5es e atividades para celebrar mais um ano de hist\u00f3ria, cultura e desenvolvimento. Fiquem atentos \u00e0s pr\u00f3ximas informa\u00e7\u00f5es sobre a programa\u00e7\u00e3o completa do anivers\u00e1rio de Nova Alvorada do Sul. O show de Matogrosso e Mathias \u00e9 apenas o come\u00e7o de uma s\u00e9rie de atividades que prometem marcar esse m\u00eas festivo.Contagem regressiva para celebrar o 32\u00ba anivers\u00e1rio de Nova Alvorada do Sul com muita m\u00fasica, alegria e divers\u00e3o!<\/p>\n","protected":false},"excerpt":{"rendered":"<p>Em outubro, o munic\u00edpio de Nova Alvorada do Sul celebrar\u00e1 com grande entusiasmo seus 32 anos de emancipa\u00e7\u00e3o pol\u00edtica. E<\/p>\n","protected":false},"author":1,"featured_media":2555,"comment_status":"open","ping_status":"open","sticky":false,"template":"","format":"standard","meta":{"footnotes":""},"categories":[2],"tags":[],"class_list":["post-2553","post","type-post","status-publish","format-standard","has-post-thumbnail","hentry","category-noticias"],"_links":{"self":[{"href":"https:\/\/jornaloalvorada.com.br\/site\/wp-json\/wp\/v2\/posts\/2553","targetHints":{"allow":["GET"]}}],"collection":[{"href":"https:\/\/jornaloalvorada.com.br\/site\/wp-json\/wp\/v2\/posts"}],"about":[{"href":"https:\/\/jornaloalvorada.com.br\/site\/wp-json\/wp\/v2\/types\/post"}],"author":[{"embeddable":true,"href":"https:\/\/jornaloalvorada.com.br\/site\/wp-json\/wp\/v2\/users\/1"}],"replies":[{"embeddable":true,"href":"https:\/\/jornaloalvorada.com.br\/site\/wp-json\/wp\/v2\/comments?post=2553"}],"version-history":[{"count":1,"href":"https:\/\/jornaloalvorada.com.br\/site\/wp-json\/wp\/v2\/posts\/2553\/revisions"}],"predecessor-version":[{"id":2556,"href":"https:\/\/jornaloalvorada.com.br\/site\/wp-json\/wp\/v2\/posts\/2553\/revisions\/2556"}],"wp:featuredmedia":[{"embeddable":true,"href":"https:\/\/jornaloalvorada.com.br\/site\/wp-json\/wp\/v2\/media\/2555"}],"wp:attachment":[{"href":"https:\/\/jornaloalvorada.com.br\/site\/wp-json\/wp\/v2\/media?parent=2553"}],"wp:term":[{"taxonomy":"category","embeddable":true,"href":"https:\/\/jornaloalvorada.com.br\/site\/wp-json\/wp\/v2\/categories?post=2553"},{"taxonomy":"post_tag","embeddable":true,"href":"https:\/\/jornaloalvorada.com.br\/site\/wp-json\/wp\/v2\/tags?post=2553"}],"curies":[{"name":"wp","href":"https:\/\/api.w.org\/{rel}","templated":true}]}}