{"id":2540,"date":"2023-08-28T09:07:42","date_gmt":"2023-08-28T13:07:42","guid":{"rendered":"https:\/\/jornaloalvorada.com.br\/site\/?p=2540"},"modified":"2023-08-28T09:07:45","modified_gmt":"2023-08-28T13:07:45","slug":"trio-parada-dura-nao-perde-o-dna-e-encerra-o-festival-de-inverno-de-bonito-com-chave-de-ouro","status":"publish","type":"post","link":"https:\/\/jornaloalvorada.com.br\/site\/2023\/08\/28\/trio-parada-dura-nao-perde-o-dna-e-encerra-o-festival-de-inverno-de-bonito-com-chave-de-ouro\/","title":{"rendered":"Trio Parada Dura n\u00e3o perde o DNA e encerra o Festival de Inverno de Bonito com chave de ouro"},"content":{"rendered":"\n<p><div id=\"single\"><div class=\"container\"><div class=\"row\"><div class=\"col-12  col-lg-8\"><div class=\"post-448080 post type-post status-publish format-standard has-post-thumbnail hentry category-fib-2023-2 tag-destaque1\" id=\"post-448080\"><div class=\"entry\"><p>Sucessos que n\u00e3o saem de moda s\u00e3o entoados pelo  p\u00fablico fiel a um dos estilos musicais mais tocados do Brasil. O chap\u00e9u,  a bota ou botina, junto ao jeans e camisa xadrez s\u00e3o uma identidade que  faz parte da alma brasileira, em especial ao nosso Centro-Oeste. Com o  agro em alta, Mato Grosso do Sul n\u00e3o podia encerrar um dos seus  principais eventos culturais sem o sertanejo subir ao palco.<\/p> <p>Leonito, Xonad\u00e3o e Creone s\u00e3o os nomes da atual forma\u00e7\u00e3o do  consagrado Trio Parada Dura, o respons\u00e1vel por fazer dan\u00e7ar quem \u00e9 de  dan\u00e7a, cantar quem \u00e9 do canto e chorar quem tem aquele sentimento preso  na garganta e precisava soltar a sofr\u00eancia guardada no cora\u00e7\u00e3o &#8211; e n\u00e3o  h\u00e1 palco melhor do que o Festival de Inverno de Bonito 2023 para isso.<\/p> <p>&#8220;Cantamos m\u00fasicas que marcaram. Procuramos tirar um sucesso de cada  disco. Claro que tem os cl\u00e1ssicos Telefone Mudo, Andorinhas, Fusc\u00e3o  Preto, entre outros, mas n\u00e3o deixamos de fora sucessos mais recentes  como Aceita que D\u00f3i Menos e m\u00fasicas de amigos nossos que s\u00e3o hinos da  m\u00fasica sertaneja&#8221;, comenta o sanfoneiro Xonad\u00e3o, integrante do grupo  desde 2005.<\/p> <p>O tempo de carreira e os sucessos emplacados nas r\u00e1dios e nas lojas  de discos &#8211; que outrora ditaram o ritmo da ind\u00fastria fonogr\u00e1fica &#8211;  colocam o trio como um dos grupos musicais de maior sucesso do pa\u00eds, uma  esp\u00e9cie de The Rolling Stones do interior brasileiro com quase 1,5  milh\u00f5es de ouvintes mensais na plataforma de streaming Spotify &#8211; fora 11  discos de ouro e cinco de platina, al\u00e9m de um DVD de ouro. S\u00e3o 100  milh\u00f5es de discos vendidos desde 1972, quando foi criado.<\/p> <p><a href=\"https:\/\/agenciadenoticias.ms.gov.br\/wp-content\/uploads\/2023\/08\/Trio-Parada-Dura-02-FIB-2023_MARITHE-DO-CEU-scaled.jpg\"><img loading=\"lazy\" decoding=\"async\" width=\"1920\" height=\"1280\" class=\"aligncenter size-full wp-image-448084\" src=\"https:\/\/agenciadenoticias.ms.gov.br\/wp-content\/uploads\/2023\/08\/Trio-Parada-Dura-02-FIB-2023_MARITHE-DO-CEU-scaled.jpg\" alt=\"\"><\/a><\/p> <p>&#8220;O segredo \u00e9 justamente o repert\u00f3rio, gra\u00e7as a Deus sempre rico,  desde o in\u00edcio. Usufru\u00edmos at\u00e9 hoje&#8221;, explica Creone, que integra o Trio  Parada Dura desde sua funda\u00e7\u00e3o, &#8220;junto a Arca de No\u00e9&#8221;, conforme brinca  Xonad\u00e3o sobre o tempo de estrada de um dos melhores grupos do pa\u00eds.<\/p> <p>Em sua sexta forma\u00e7\u00e3o, o Trio Parada Dura mant\u00e9m a mesma qualidade de  outrora, conseguindo renovar p\u00fablicos e seguir sem perder a ess\u00eancia da  raiz sertaneja. &#8220;A marca Trio Parada Dura \u00e9 muito forte, ent\u00e3o tivemos a  felicidade de, apesar dos amigos terem partido, os que colocamos no  lugar darem certo e est\u00e3o a\u00ed at\u00e9 hoje&#8221;, diz Creone, no alto dos seus 84  anos.<\/p> <p>&#8220;Sempre mantemos a qualidade do show e quem caminha conosco tem o DNA  do trio. Quando o Parrerito &#8211; falecido por causa da covid-19 em 2021 &#8211;  se foi, v\u00e1rias pessoas famosas quiseram entrar para o trio, mas n\u00e3o tem o  DNA. Eu tenho, o Leonito tamb\u00e9m, e por isso estamos aqui&#8221;, conclui  Xonad\u00e3o.<\/p> <p><a href=\"https:\/\/agenciadenoticias.ms.gov.br\/wp-content\/uploads\/2023\/08\/Trio-Parada-Dura-03-FIB-2023_MARITHE-DO-CEU-scaled.jpg\"><img loading=\"lazy\" decoding=\"async\" width=\"1920\" height=\"897\" class=\"aligncenter size-full wp-image-448085\" src=\"https:\/\/agenciadenoticias.ms.gov.br\/wp-content\/uploads\/2023\/08\/Trio-Parada-Dura-03-FIB-2023_MARITHE-DO-CEU-scaled.jpg\" alt=\"\"><\/a><\/p> <p><strong>O Festival em 2023<\/strong><\/p> <p>Diferente dos outros anos, em 2023 o Festival de Inverno de Bonito  teve um dia a mais, come\u00e7ando na quarta-feira (23) com diversas  atividades e apresenta\u00e7\u00f5es. O show principal foi de Faf\u00e1 de Bel\u00e9m,  enquanto na quinta quem subiu no palco foi Paulinho Moska e Maria Gad\u00fa.  Na sexta, o show principal foi de Iza, com Emicida se apresentando no  s\u00e1bado no Palco das \u00c1guas.<\/p> <p><em>Nyelder Rodrigues, Ascom FIB 2023<\/em> <em>Fotos: Marith\u00ea do C\u00e9u<\/em><\/p> <\/div><\/div><\/div><\/div><\/div><\/div><\/p>\n","protected":false},"excerpt":{"rendered":"<p>Sucessos que n\u00e3o saem de moda s\u00e3o entoados pelo p\u00fablico fiel a um dos estilos musicais mais tocados do Brasil.<\/p>\n","protected":false},"author":1,"featured_media":2541,"comment_status":"open","ping_status":"open","sticky":false,"template":"","format":"standard","meta":{"footnotes":""},"categories":[2],"tags":[],"class_list":["post-2540","post","type-post","status-publish","format-standard","has-post-thumbnail","hentry","category-noticias"],"_links":{"self":[{"href":"https:\/\/jornaloalvorada.com.br\/site\/wp-json\/wp\/v2\/posts\/2540","targetHints":{"allow":["GET"]}}],"collection":[{"href":"https:\/\/jornaloalvorada.com.br\/site\/wp-json\/wp\/v2\/posts"}],"about":[{"href":"https:\/\/jornaloalvorada.com.br\/site\/wp-json\/wp\/v2\/types\/post"}],"author":[{"embeddable":true,"href":"https:\/\/jornaloalvorada.com.br\/site\/wp-json\/wp\/v2\/users\/1"}],"replies":[{"embeddable":true,"href":"https:\/\/jornaloalvorada.com.br\/site\/wp-json\/wp\/v2\/comments?post=2540"}],"version-history":[{"count":1,"href":"https:\/\/jornaloalvorada.com.br\/site\/wp-json\/wp\/v2\/posts\/2540\/revisions"}],"predecessor-version":[{"id":2542,"href":"https:\/\/jornaloalvorada.com.br\/site\/wp-json\/wp\/v2\/posts\/2540\/revisions\/2542"}],"wp:featuredmedia":[{"embeddable":true,"href":"https:\/\/jornaloalvorada.com.br\/site\/wp-json\/wp\/v2\/media\/2541"}],"wp:attachment":[{"href":"https:\/\/jornaloalvorada.com.br\/site\/wp-json\/wp\/v2\/media?parent=2540"}],"wp:term":[{"taxonomy":"category","embeddable":true,"href":"https:\/\/jornaloalvorada.com.br\/site\/wp-json\/wp\/v2\/categories?post=2540"},{"taxonomy":"post_tag","embeddable":true,"href":"https:\/\/jornaloalvorada.com.br\/site\/wp-json\/wp\/v2\/tags?post=2540"}],"curies":[{"name":"wp","href":"https:\/\/api.w.org\/{rel}","templated":true}]}}