{"id":2537,"date":"2023-08-28T08:04:00","date_gmt":"2023-08-28T12:04:00","guid":{"rendered":"https:\/\/jornaloalvorada.com.br\/site\/?p=2537"},"modified":"2023-08-28T09:05:48","modified_gmt":"2023-08-28T13:05:48","slug":"semana-comeca-com-tempo-instavel-e-temperaturas-amenas","status":"publish","type":"post","link":"https:\/\/jornaloalvorada.com.br\/site\/2023\/08\/28\/semana-comeca-com-tempo-instavel-e-temperaturas-amenas\/","title":{"rendered":"Semana come\u00e7a com tempo inst\u00e1vel e temperaturas amenas"},"content":{"rendered":"\n<p><div id=\"single\"><div class=\"container\"><div class=\"row\"><div class=\"col-12  col-lg-8\"><div class=\"post-448047 post type-post status-publish format-standard has-post-thumbnail hentry category-tempo tag-destaque1\" id=\"post-448047\"><div class=\"entry\"><p>A semana indica tempo inst\u00e1vel, com chuvas e  tempestades, e temperaturas amenas at\u00e9 a pr\u00f3xima quinta-feira (31),  conforme dados do Cemtec (Centro de Monitoramenteo do Tempo e do Clima).  As temperaturas m\u00ednimas no estado v\u00e3o variar entre 11\u00b0C e 20\u00b0C. Em  grande parte do estado, as temperaturas m\u00e1ximas ficar\u00e3o abaixo dos 31\u00b0C.<\/p> <p>A segunda-feira (28) come\u00e7a com tempo est\u00e1vel com sol e varia\u00e7\u00e3o de  nebulosidade na maioria das regi\u00f5es do estado. Na capital, a m\u00ednima ser\u00e1  de 14\u00b0C e m\u00e1xima de 25\u00b0C. Os ventos atuam do quadrante leste com  valores entre 30 km\/h e 50 km\/h, pontualmente, com valores acima dos 50  km\/h.<\/p> <p>De acordo com a coordenadora do \u00f3rg\u00e3o, vinculado a Semadesc  (Secretaria de Estado de Meio Ambiente, Desenvolvimento, Ci\u00eancia,  Tecnologia e Inova\u00e7\u00e3o), Valesca Fernandes, as temperaturas podem atingir  os 31\u00b0C nas regi\u00f5es Pantaneira e Norte.<\/p> <p>Est\u00e3o previstas temperaturas m\u00ednimas entre 11\u00b0C e 13\u00b0C e m\u00e1ximas de  at\u00e9 24\u00b0C nas regi\u00f5es Sul e Leste. Para as regi\u00f5es Sudoeste, Norte e  Pantaneira s\u00e3o esperadas temperaturas m\u00ednimas entre 17\u00b0C e 20\u00b0C e  m\u00e1ximas por volta dos 31\u00b0C.<\/p> <p><em>Alexandre Gonzaga, Comunica\u00e7\u00e3o do Governo de MS<\/em> Foto: Divulga\u00e7\u00e3o<\/p> <\/div><\/div><\/div><\/div><\/div><\/div><\/p>\n","protected":false},"excerpt":{"rendered":"<p>A semana indica tempo inst\u00e1vel, com chuvas e tempestades, e temperaturas amenas at\u00e9 a pr\u00f3xima quinta-feira (31), conforme dados do<\/p>\n","protected":false},"author":1,"featured_media":2538,"comment_status":"open","ping_status":"open","sticky":false,"template":"","format":"standard","meta":{"footnotes":""},"categories":[2],"tags":[],"class_list":["post-2537","post","type-post","status-publish","format-standard","has-post-thumbnail","hentry","category-noticias"],"_links":{"self":[{"href":"https:\/\/jornaloalvorada.com.br\/site\/wp-json\/wp\/v2\/posts\/2537","targetHints":{"allow":["GET"]}}],"collection":[{"href":"https:\/\/jornaloalvorada.com.br\/site\/wp-json\/wp\/v2\/posts"}],"about":[{"href":"https:\/\/jornaloalvorada.com.br\/site\/wp-json\/wp\/v2\/types\/post"}],"author":[{"embeddable":true,"href":"https:\/\/jornaloalvorada.com.br\/site\/wp-json\/wp\/v2\/users\/1"}],"replies":[{"embeddable":true,"href":"https:\/\/jornaloalvorada.com.br\/site\/wp-json\/wp\/v2\/comments?post=2537"}],"version-history":[{"count":1,"href":"https:\/\/jornaloalvorada.com.br\/site\/wp-json\/wp\/v2\/posts\/2537\/revisions"}],"predecessor-version":[{"id":2539,"href":"https:\/\/jornaloalvorada.com.br\/site\/wp-json\/wp\/v2\/posts\/2537\/revisions\/2539"}],"wp:featuredmedia":[{"embeddable":true,"href":"https:\/\/jornaloalvorada.com.br\/site\/wp-json\/wp\/v2\/media\/2538"}],"wp:attachment":[{"href":"https:\/\/jornaloalvorada.com.br\/site\/wp-json\/wp\/v2\/media?parent=2537"}],"wp:term":[{"taxonomy":"category","embeddable":true,"href":"https:\/\/jornaloalvorada.com.br\/site\/wp-json\/wp\/v2\/categories?post=2537"},{"taxonomy":"post_tag","embeddable":true,"href":"https:\/\/jornaloalvorada.com.br\/site\/wp-json\/wp\/v2\/tags?post=2537"}],"curies":[{"name":"wp","href":"https:\/\/api.w.org\/{rel}","templated":true}]}}