{"id":2534,"date":"2023-08-28T09:04:32","date_gmt":"2023-08-28T13:04:32","guid":{"rendered":"https:\/\/jornaloalvorada.com.br\/site\/?p=2534"},"modified":"2023-08-28T09:04:34","modified_gmt":"2023-08-28T13:04:34","slug":"verde-geracao-de-energia-fotovoltaica-avanca-88-em-mato-grosso-do-sul","status":"publish","type":"post","link":"https:\/\/jornaloalvorada.com.br\/site\/2023\/08\/28\/verde-geracao-de-energia-fotovoltaica-avanca-88-em-mato-grosso-do-sul\/","title":{"rendered":"Verde: Gera\u00e7\u00e3o de energia fotovoltaica avan\u00e7a 88% em Mato Grosso do Sul"},"content":{"rendered":"\n<p><div id=\"single\"><div class=\"container\"><div class=\"row\"><div class=\"col-12  col-lg-8\"><div class=\"post-447854 post type-post status-publish format-status has-post-thumbnail hentry category-economia category-meio-ambiente post_format-post-format-status\" id=\"post-447854\"><div class=\"entry\"><p>A gera\u00e7\u00e3o pr\u00f3pria de energia solar atingiu 881,7 MWh (megawatss\/hora)  de pot\u00eancia instalada em resid\u00eancias, com\u00e9rcios, ind\u00fastrias,  propriedades rurais e pr\u00e9dios p\u00fablicos em Mato Grosso do Sul em agosto.  Isso significa 113.955 unidades consumidoras atendidas pela tecnologia  fotovoltaica no Estado.<\/p><p>Somente na pot\u00eancia o crescimento supera os 88%, segundo dados da  Aneel (Ag\u00eancia Nacional de Energia El\u00e9trica), compilados pela equipe de  coordena\u00e7\u00e3o de estat\u00edsticas da Semadesc (Secretaria de Estado de Meio  Ambiente, Desenvolvimento Econ\u00f4mico, Ci\u00eancia, Tecnologia e Inova\u00e7\u00e3o).<\/p><p>No Brasil j\u00e1 s\u00e3o mais de 3 milh\u00f5es de unidades consumidoras atendidas  pela tecnologia fotovoltaica no Brasil, segundo dados da Absolar  (Associa\u00e7\u00e3o Brasileira de Energia Solar Fotovoltaica).<\/p><p>O volume em gera\u00e7\u00e3o pr\u00f3pria de energia solar no Pa\u00eds ultrapassou a  marca de 23 gigawatts (GW). De acordo com a Absolar, o Pa\u00eds possui cerca  de 2,1 milh\u00f5es de sistemas solares fotovoltaicos instalados em  telhados, fachadas e pequenos terrenos. Desde 2012, foram cerca de R$  115,8 bilh\u00f5es em novos investimentos, que geraram mais de 690 mil  empregos acumulados no per\u00edodo, espalhados em todas as regi\u00f5es do  Brasil, e representam uma arrecada\u00e7\u00e3o aos cofres p\u00fablicos de R$ 30,2  bilh\u00f5es.<\/p><figure id=\"attachment_446420\" aria-describedby=\"caption-attachment-446420\" style=\"width: 1024px\" class=\"wp-caption alignnone\"><a href=\"https:\/\/agenciadenoticias.ms.gov.br\/wp-content\/uploads\/2023\/08\/Ilumina-Pantanal-Foto-Bruno-Rezende-09-scaled.jpg\"><img loading=\"lazy\" decoding=\"async\" width=\"1024\" height=\"683\" class=\"wp-image-446420 size-large\" src=\"https:\/\/agenciadenoticias.ms.gov.br\/wp-content\/uploads\/2023\/08\/Ilumina-Pantanal-Foto-Bruno-Rezende-09-1024x683.jpg\" alt=\"\"><\/a><figcaption id=\"caption-attachment-446420\" class=\"wp-caption-text\">Morador da regi\u00e3o do Pantanal tem acesso a energia solar<\/figcaption><\/figure><p><strong>Luz sustent\u00e1vel <\/strong><\/p><p>De acordo com o titular da Semadesc, Jaime Verruck, o aumento da  gera\u00e7\u00e3o, \u00e9 reflexo de pol\u00edticas estaduais que incentivam o uso de  energias mais limpas e renov\u00e1veis. O primeiro exemplo de inova\u00e7\u00e3o e  sustentabilidade foi o Ilumina Pantanal. O programa, premiado  internacionalmente garantiu acesso \u00e0 energia el\u00e9trica para 2,8 mil  fam\u00edlias no Pantanal Sul-mato-grossense, por meio de placas de energia  solar fotovoltaica que foram instaladas nas propriedades rurais e  comunidades tradicionais da maior plan\u00edcie alag\u00e1vel do mundo.<\/p><p>\u201cOutro destaque foi o programa &#8216;MS Renov\u00e1vel&#8217;, que \u00e9 uma pol\u00edtica de  fomento \u00e0 produ\u00e7\u00e3o de energia limpa e renov\u00e1vel em Mato Grosso do Sul,  parte integrante do MS Carbono Neutro em 2030&#8243;, citou. Este programa  est\u00e1 ajudando a atrair novos investidores no segmento.<\/p><p>Em abril, durante reuni\u00e3o com o governador Eduardo Riedel, o grupo  espanhol Solatio Energia anunciou investimento de R$ 8,5 bilh\u00f5es para a  constru\u00e7\u00e3o da maior fazenda de energia solar do Estado, com 3,5 mil  hectares de pain\u00e9is solares e capacidade de gera\u00e7\u00e3o de 2,5 gigawatts de  energia el\u00e9trica&#8221;.<\/p><figure id=\"attachment_446414\" aria-describedby=\"caption-attachment-446414\" style=\"width: 1024px\" class=\"wp-caption alignnone\"><a href=\"https:\/\/agenciadenoticias.ms.gov.br\/wp-content\/uploads\/2023\/08\/Ilumina-Pantanal-Foto-Bruno-Rezende-03-scaled.jpg\"><img loading=\"lazy\" decoding=\"async\" width=\"1024\" height=\"683\" class=\"wp-image-446414 size-large\" src=\"https:\/\/agenciadenoticias.ms.gov.br\/wp-content\/uploads\/2023\/08\/Ilumina-Pantanal-Foto-Bruno-Rezende-03-1024x683.jpg\" alt=\"\"><\/a><figcaption id=\"caption-attachment-446414\" class=\"wp-caption-text\"><em>Moradores do Pantanal podem ter televis\u00e3o e geladeira com energia solar<\/em><\/figcaption><\/figure><p>A negocia\u00e7\u00e3o come\u00e7ou ainda em 2016 e neste ano se concretizou com o  an\u00fancio da viabiliza\u00e7\u00e3o do empreendimento. &#8220;O investimento \u00e9 fundamental  para a nossa pol\u00edtica de incentivo \u00e0 gera\u00e7\u00e3o de energia limpa e  renov\u00e1vel em Mato Grosso do Sul&#8221;, destaca Jaime Verruck.<\/p><p>O empreendimento tem como parceiro a empresa Tradener, que far\u00e1 a  comercializa\u00e7\u00e3o da energia gerada junto ao mercado livre de energia  el\u00e9trica. As obras para instala\u00e7\u00e3o das placas solares iniciam no pr\u00f3ximo  m\u00eas.<\/p><p>A previs\u00e3o \u00e9 que a gera\u00e7\u00e3o inicie em janeiro de 2025. O conjunto de  placas em Cassil\u00e2ndia ser\u00e1 conectado \u00e0 esta\u00e7\u00e3o de Chapad\u00e3o do Sul, e o  de Parana\u00edba se conecta com a esta\u00e7\u00e3o de Inoc\u00eancia.<\/p><p>Atualmente, MS \u00e9 o nono estado do Brasil em gera\u00e7\u00e3o de energia solar,  enquanto Campo Grande \u00e9 a terceira entre todos os munic\u00edpios  brasileiros.<\/p><p><em>Rosana Siqueira, Semadesc<\/em> <em>Foto capa: Bruno Rezende (Ilumina Pantanal)<\/em><\/p><\/div><\/div><\/div><\/div><\/div><\/div> <\/p>\n","protected":false},"excerpt":{"rendered":"<p>A gera\u00e7\u00e3o pr\u00f3pria de energia solar atingiu 881,7 MWh (megawatss\/hora) de pot\u00eancia instalada em resid\u00eancias, com\u00e9rcios, ind\u00fastrias, propriedades rurais e<\/p>\n","protected":false},"author":1,"featured_media":2535,"comment_status":"open","ping_status":"open","sticky":false,"template":"","format":"standard","meta":{"footnotes":""},"categories":[2],"tags":[],"class_list":["post-2534","post","type-post","status-publish","format-standard","has-post-thumbnail","hentry","category-noticias"],"_links":{"self":[{"href":"https:\/\/jornaloalvorada.com.br\/site\/wp-json\/wp\/v2\/posts\/2534","targetHints":{"allow":["GET"]}}],"collection":[{"href":"https:\/\/jornaloalvorada.com.br\/site\/wp-json\/wp\/v2\/posts"}],"about":[{"href":"https:\/\/jornaloalvorada.com.br\/site\/wp-json\/wp\/v2\/types\/post"}],"author":[{"embeddable":true,"href":"https:\/\/jornaloalvorada.com.br\/site\/wp-json\/wp\/v2\/users\/1"}],"replies":[{"embeddable":true,"href":"https:\/\/jornaloalvorada.com.br\/site\/wp-json\/wp\/v2\/comments?post=2534"}],"version-history":[{"count":1,"href":"https:\/\/jornaloalvorada.com.br\/site\/wp-json\/wp\/v2\/posts\/2534\/revisions"}],"predecessor-version":[{"id":2536,"href":"https:\/\/jornaloalvorada.com.br\/site\/wp-json\/wp\/v2\/posts\/2534\/revisions\/2536"}],"wp:featuredmedia":[{"embeddable":true,"href":"https:\/\/jornaloalvorada.com.br\/site\/wp-json\/wp\/v2\/media\/2535"}],"wp:attachment":[{"href":"https:\/\/jornaloalvorada.com.br\/site\/wp-json\/wp\/v2\/media?parent=2534"}],"wp:term":[{"taxonomy":"category","embeddable":true,"href":"https:\/\/jornaloalvorada.com.br\/site\/wp-json\/wp\/v2\/categories?post=2534"},{"taxonomy":"post_tag","embeddable":true,"href":"https:\/\/jornaloalvorada.com.br\/site\/wp-json\/wp\/v2\/tags?post=2534"}],"curies":[{"name":"wp","href":"https:\/\/api.w.org\/{rel}","templated":true}]}}