{"id":2531,"date":"2023-08-27T18:00:00","date_gmt":"2023-08-27T22:00:00","guid":{"rendered":"https:\/\/jornaloalvorada.com.br\/site\/?p=2531"},"modified":"2023-08-28T09:03:04","modified_gmt":"2023-08-28T13:03:04","slug":"aniversario-de-alda-araujo","status":"publish","type":"post","link":"https:\/\/jornaloalvorada.com.br\/site\/2023\/08\/27\/aniversario-de-alda-araujo\/","title":{"rendered":"Anivers\u00e1rio de Alda Ara\u00fajo"},"content":{"rendered":"\n<p>NIVER-IMPLICOU IDADE NOVA NESTE 27 A DIN\u00c2MICA ALDA ARA\u00daJO.PARABENS!FELICIDADES!NA FTO COM ESPOSO JOS\u00c9 CARLOS FREITAS!<\/p>\n","protected":false},"excerpt":{"rendered":"<p>NIVER-IMPLICOU IDADE NOVA NESTE 27 A DIN\u00c2MICA ALDA ARA\u00daJO.PARABENS!FELICIDADES!NA FTO COM ESPOSO JOS\u00c9 CARLOS FREITAS!<\/p>\n","protected":false},"author":1,"featured_media":2532,"comment_status":"open","ping_status":"open","sticky":false,"template":"","format":"standard","meta":{"footnotes":""},"categories":[3],"tags":[],"class_list":["post-2531","post","type-post","status-publish","format-standard","has-post-thumbnail","hentry","category-social"],"_links":{"self":[{"href":"https:\/\/jornaloalvorada.com.br\/site\/wp-json\/wp\/v2\/posts\/2531","targetHints":{"allow":["GET"]}}],"collection":[{"href":"https:\/\/jornaloalvorada.com.br\/site\/wp-json\/wp\/v2\/posts"}],"about":[{"href":"https:\/\/jornaloalvorada.com.br\/site\/wp-json\/wp\/v2\/types\/post"}],"author":[{"embeddable":true,"href":"https:\/\/jornaloalvorada.com.br\/site\/wp-json\/wp\/v2\/users\/1"}],"replies":[{"embeddable":true,"href":"https:\/\/jornaloalvorada.com.br\/site\/wp-json\/wp\/v2\/comments?post=2531"}],"version-history":[{"count":1,"href":"https:\/\/jornaloalvorada.com.br\/site\/wp-json\/wp\/v2\/posts\/2531\/revisions"}],"predecessor-version":[{"id":2533,"href":"https:\/\/jornaloalvorada.com.br\/site\/wp-json\/wp\/v2\/posts\/2531\/revisions\/2533"}],"wp:featuredmedia":[{"embeddable":true,"href":"https:\/\/jornaloalvorada.com.br\/site\/wp-json\/wp\/v2\/media\/2532"}],"wp:attachment":[{"href":"https:\/\/jornaloalvorada.com.br\/site\/wp-json\/wp\/v2\/media?parent=2531"}],"wp:term":[{"taxonomy":"category","embeddable":true,"href":"https:\/\/jornaloalvorada.com.br\/site\/wp-json\/wp\/v2\/categories?post=2531"},{"taxonomy":"post_tag","embeddable":true,"href":"https:\/\/jornaloalvorada.com.br\/site\/wp-json\/wp\/v2\/tags?post=2531"}],"curies":[{"name":"wp","href":"https:\/\/api.w.org\/{rel}","templated":true}]}}