{"id":2522,"date":"2023-08-25T09:18:47","date_gmt":"2023-08-25T13:18:47","guid":{"rendered":"https:\/\/jornaloalvorada.com.br\/site\/?p=2522"},"modified":"2023-08-25T09:18:50","modified_gmt":"2023-08-25T13:18:50","slug":"bairro-vacilio-dias-recebe-obras-de-drenagem-e-pavimentacao-asfaltica-em-nova-alvorada-do-sul","status":"publish","type":"post","link":"https:\/\/jornaloalvorada.com.br\/site\/2023\/08\/25\/bairro-vacilio-dias-recebe-obras-de-drenagem-e-pavimentacao-asfaltica-em-nova-alvorada-do-sul\/","title":{"rendered":"Bairro Vacilio Dias recebe obras de drenagem e pavimenta\u00e7\u00e3o Asf\u00e1ltica em Nova Alvorada do Sul"},"content":{"rendered":"\n<p>Mais uma etapa de asfalto \u00e9 iniciada, com investimento de R$ 3,4 milh\u00f5es em obras de drenagem e pavimenta\u00e7\u00e3o no Bairro Vacilio Dias.<\/p>\n\n\n\n<p>O Bairro Vacilio Dias j\u00e1 havia recebido recentemente obras de pavimenta\u00e7\u00e3o asf\u00e1ltica. Agora, essa nova etapa de obras inclui a pavimenta\u00e7\u00e3o de ruas que ainda n\u00e3o haviam sido contempladas, bem como trabalhos de drenagem que contribuir\u00e3o para a durabilidade e a qualidade do projeto.<\/p>\n\n\n\n<p>Durante sua visita a obra, o prefeito Jos\u00e9 Paulo Paleari ressaltou a import\u00e2ncia do investimento, que ir\u00e1 atender \u00e0s demandas dos moradores do bairro: &#8220;A pavimenta\u00e7\u00e3o asf\u00e1ltica \u00e9 uma demanda antiga dos moradores do Vacilio Dias, que agora v\u00e3o ter suas ruas transformadas. Esse \u00e9 mais um investimento que estamos fazendo aqui no bairro, recentemente finalizamos as obras de drenagem e pavimenta\u00e7\u00e3o em uma outra regi\u00e3o desse bairro, e vamos continuar focados em trazer melhor qualidade de vida para os moradores do Vacilio Dias.\u201d<\/p>\n\n\n\n<p>Essas obras n\u00e3o apenas promovem uma melhoria est\u00e9tica, mas tamb\u00e9m t\u00eam um impacto direto na qualidade de vida dos moradores. Al\u00e9m da pavimenta\u00e7\u00e3o asf\u00e1ltica, est\u00e3o sendo realizadas obras de drenagem para assegurar que a infraestrutura seja resistente \u00e0s intemp\u00e9ries e capaz de lidar eficientemente com o escoamento das \u00e1guas pluviais.<\/p>\n\n\n\n<p>Al\u00e9m do Bairro Vacilio Dias, outros dois bairros da cidade e o Distrito Pana tamb\u00e9m est\u00e3o sendo contemplados com projetos de pavimenta\u00e7\u00e3o, que j\u00e1 est\u00e3o em andamento. A infraestrutura moderna e bem mantida \u00e9 essencial para criar um ambiente urbano funcional e agrad\u00e1vel para a popula\u00e7\u00e3o.<\/p>\n","protected":false},"excerpt":{"rendered":"<p>Mais uma etapa de asfalto \u00e9 iniciada, com investimento de R$ 3,4 milh\u00f5es em obras de drenagem e pavimenta\u00e7\u00e3o no<\/p>\n","protected":false},"author":1,"featured_media":2523,"comment_status":"open","ping_status":"open","sticky":false,"template":"","format":"standard","meta":{"footnotes":""},"categories":[2],"tags":[],"class_list":["post-2522","post","type-post","status-publish","format-standard","has-post-thumbnail","hentry","category-noticias"],"_links":{"self":[{"href":"https:\/\/jornaloalvorada.com.br\/site\/wp-json\/wp\/v2\/posts\/2522","targetHints":{"allow":["GET"]}}],"collection":[{"href":"https:\/\/jornaloalvorada.com.br\/site\/wp-json\/wp\/v2\/posts"}],"about":[{"href":"https:\/\/jornaloalvorada.com.br\/site\/wp-json\/wp\/v2\/types\/post"}],"author":[{"embeddable":true,"href":"https:\/\/jornaloalvorada.com.br\/site\/wp-json\/wp\/v2\/users\/1"}],"replies":[{"embeddable":true,"href":"https:\/\/jornaloalvorada.com.br\/site\/wp-json\/wp\/v2\/comments?post=2522"}],"version-history":[{"count":1,"href":"https:\/\/jornaloalvorada.com.br\/site\/wp-json\/wp\/v2\/posts\/2522\/revisions"}],"predecessor-version":[{"id":2524,"href":"https:\/\/jornaloalvorada.com.br\/site\/wp-json\/wp\/v2\/posts\/2522\/revisions\/2524"}],"wp:featuredmedia":[{"embeddable":true,"href":"https:\/\/jornaloalvorada.com.br\/site\/wp-json\/wp\/v2\/media\/2523"}],"wp:attachment":[{"href":"https:\/\/jornaloalvorada.com.br\/site\/wp-json\/wp\/v2\/media?parent=2522"}],"wp:term":[{"taxonomy":"category","embeddable":true,"href":"https:\/\/jornaloalvorada.com.br\/site\/wp-json\/wp\/v2\/categories?post=2522"},{"taxonomy":"post_tag","embeddable":true,"href":"https:\/\/jornaloalvorada.com.br\/site\/wp-json\/wp\/v2\/tags?post=2522"}],"curies":[{"name":"wp","href":"https:\/\/api.w.org\/{rel}","templated":true}]}}