{"id":2519,"date":"2023-08-25T08:56:06","date_gmt":"2023-08-25T12:56:06","guid":{"rendered":"https:\/\/jornaloalvorada.com.br\/site\/?p=2519"},"modified":"2023-08-25T08:56:09","modified_gmt":"2023-08-25T12:56:09","slug":"apesar-de-previsao-de-sol-chuvas-nao-sao-descartadas-nesta-sexta-feira-em-ms","status":"publish","type":"post","link":"https:\/\/jornaloalvorada.com.br\/site\/2023\/08\/25\/apesar-de-previsao-de-sol-chuvas-nao-sao-descartadas-nesta-sexta-feira-em-ms\/","title":{"rendered":"Apesar de previs\u00e3o de sol, chuvas n\u00e3o s\u00e3o descartadas nesta sexta-feira em MS"},"content":{"rendered":"\n<p><div id=\"single\"><div class=\"container\"><div class=\"row\"><div class=\"col-12  col-lg-8\"><div class=\"post-447715 post type-post status-publish format-standard has-post-thumbnail hentry category-tempo tag-destaque1\" id=\"post-447715\"><div class=\"entry\"><p>A previs\u00e3o do Cemtec (Centro de Monitoramento do Tempo e do Clima)  para esta sexta-feira (25) \u00e9 de tempo est\u00e1vel, com sol e varia\u00e7\u00e3o de  nebulosidade em grande parte de Mato Grosso do Sul, com destaque nas  regi\u00f5es Pantaneira, Norte e Bols\u00e3o. Entre a tarde e \u00e0 noite, h\u00e1  probabilidade para ocorr\u00eancia de chuvas e tempestades, principalmente na  regi\u00e3o sul do estado.<\/p><p>De acordo com o Cemtec, Campo Grande ter\u00e1 m\u00ednima de 22\u00b0C e m\u00e1xima de  33\u00b0C. Em Dourados, 22\u00b0C pela manh\u00e3 e 34\u00baC pela tarde. No leste do  Estado, em Anauril\u00e2ndia, os term\u00f4metros marcam 23\u00b0C inicialmente e sobem  at\u00e9 os 36\u00baC. No Cone-sul, Iguatemi registra m\u00ednima de 20\u00b0C e m\u00e1xima de  36\u00b0C. Em Ponta Por\u00e3, valores ficam entre 20\u00b0C e 31\u00b0C.<\/p><p>Em Corumb\u00e1, na regi\u00e3o pantaneira, a m\u00ednima ser\u00e1 de 23\u00b0C e m\u00e1xima de  36\u00b0C; Aquidauana ter\u00e1 varia\u00e7\u00e3o entre 24\u00b0C e 34\u00b0C. No sudoeste, Porto  Murtinho amanhece com 23\u00b0C e atinge os 33\u00b0C. No norte, Coxim ter\u00e1 24\u00b0C  cedo e alcan\u00e7ar\u00e1 os 36\u00b0C ao longo do dia. No Bols\u00e3o, Tr\u00eas Lagoas  registra 21\u00b0C pela manh\u00e3 e 36\u00b0C de tarde.<\/p><p><a href=\"https:\/\/agenciadenoticias.ms.gov.br\/wp-content\/uploads\/2023\/08\/Tempo-2508.jpg\"><img loading=\"lazy\" decoding=\"async\" width=\"568\" height=\"401\" class=\"alignnone wp-image-447717 size-full\" src=\"https:\/\/agenciadenoticias.ms.gov.br\/wp-content\/uploads\/2023\/08\/Tempo-2508.jpg\" alt=\"\"><\/a><\/p><p><em>Heloisa Duim, Programa Est\u00e1gio Supervisionado<\/em> <em>Foto: \u00c1lvaro Rezende\/Arquivo<\/em><\/p><\/div><\/div><\/div><\/div><\/div><\/div> <\/p>\n","protected":false},"excerpt":{"rendered":"<p>A previs\u00e3o do Cemtec (Centro de Monitoramento do Tempo e do Clima) para esta sexta-feira (25) \u00e9 de tempo est\u00e1vel,<\/p>\n","protected":false},"author":1,"featured_media":2520,"comment_status":"open","ping_status":"open","sticky":false,"template":"","format":"standard","meta":{"footnotes":""},"categories":[2],"tags":[],"class_list":["post-2519","post","type-post","status-publish","format-standard","has-post-thumbnail","hentry","category-noticias"],"_links":{"self":[{"href":"https:\/\/jornaloalvorada.com.br\/site\/wp-json\/wp\/v2\/posts\/2519","targetHints":{"allow":["GET"]}}],"collection":[{"href":"https:\/\/jornaloalvorada.com.br\/site\/wp-json\/wp\/v2\/posts"}],"about":[{"href":"https:\/\/jornaloalvorada.com.br\/site\/wp-json\/wp\/v2\/types\/post"}],"author":[{"embeddable":true,"href":"https:\/\/jornaloalvorada.com.br\/site\/wp-json\/wp\/v2\/users\/1"}],"replies":[{"embeddable":true,"href":"https:\/\/jornaloalvorada.com.br\/site\/wp-json\/wp\/v2\/comments?post=2519"}],"version-history":[{"count":1,"href":"https:\/\/jornaloalvorada.com.br\/site\/wp-json\/wp\/v2\/posts\/2519\/revisions"}],"predecessor-version":[{"id":2521,"href":"https:\/\/jornaloalvorada.com.br\/site\/wp-json\/wp\/v2\/posts\/2519\/revisions\/2521"}],"wp:featuredmedia":[{"embeddable":true,"href":"https:\/\/jornaloalvorada.com.br\/site\/wp-json\/wp\/v2\/media\/2520"}],"wp:attachment":[{"href":"https:\/\/jornaloalvorada.com.br\/site\/wp-json\/wp\/v2\/media?parent=2519"}],"wp:term":[{"taxonomy":"category","embeddable":true,"href":"https:\/\/jornaloalvorada.com.br\/site\/wp-json\/wp\/v2\/categories?post=2519"},{"taxonomy":"post_tag","embeddable":true,"href":"https:\/\/jornaloalvorada.com.br\/site\/wp-json\/wp\/v2\/tags?post=2519"}],"curies":[{"name":"wp","href":"https:\/\/api.w.org\/{rel}","templated":true}]}}