{"id":2515,"date":"2023-08-23T10:51:26","date_gmt":"2023-08-23T14:51:26","guid":{"rendered":"https:\/\/jornaloalvorada.com.br\/site\/?p=2515"},"modified":"2023-08-23T10:51:33","modified_gmt":"2023-08-23T14:51:33","slug":"camara-aprova-mp-que-reajusta-em-9-salario-de-servidores-federais","status":"publish","type":"post","link":"https:\/\/jornaloalvorada.com.br\/site\/2023\/08\/23\/camara-aprova-mp-que-reajusta-em-9-salario-de-servidores-federais\/","title":{"rendered":"C\u00e2mara aprova MP que reajusta em 9% sal\u00e1rio de servidores federais"},"content":{"rendered":"\n<p><div id=\"root\"><div class=\"App\"><main id=\"content\"><div><div id=\"wrap\"><div id=\"main_content\"><div class=\"post-template-default single single-post postid-1459008 single-format-standard container gllr_jovempan.com.br postname-camara-aprova-mp-que-reajusta-em-9-salario-de-servidores-federais single-politica parent-noticias\"><div class=\"row position-relative\"><div class=\"main col-md-8\" role=\"main\"><article id=\"post-1459008\" class=\"post-1459008 post type-post status-publish format-standard has-post-thumbnail hentry category-politica tag-governo-federal tag-lula tag-medida-provisoria tag-reajuste-dos-servidores tag-servidores-publicos\"><div class=\"context\"><p>A <strong>C\u00e2mara dos Deputados<\/strong> aprovou, nesta ter\u00e7a-feira, 22, uma medida provis\u00f3ria (MP) que reajusta em 9% o sal\u00e1rio de todos os <a href=\"https:\/\/jovempan.com.br\/tag\/servidores\"><strong>servidores<\/strong><\/a>  p\u00fablicos federais do Poder Executivo, autarquias e funda\u00e7\u00f5es. O texto  ainda prev\u00ea reajuste para aposentados, pensionistas e tamb\u00e9m vale para  cargos e fun\u00e7\u00f5es de comiss\u00e3o e confian\u00e7a.\u00a0A MP, assinada pelo presidente  <a href=\"https:\/\/jovempan.com.br\/tag\/lula\"><strong>Luiz In\u00e1cio Lula da Silva<\/strong><\/a> (PT) em 1\u00ba de maio, segue em vigor, mas precisa ser aprovada pelo Senado Federal na pr\u00f3xima sexta-feira, 25, para n\u00e3o caducar.<\/p><\/div><\/article><\/div><\/div><\/div><\/div><\/div><\/div><\/main><\/div><\/div>Caso os senadores fa\u00e7am altera\u00e7\u00f5es, o texto volta para a Casa Baixa. No entanto, a tend\u00eancia \u00e9 que os senadores acompanhem o substitutivo de <strong>Alice Portugal<\/strong> (PCdoB-BA), que foi apresentado ainda durante a comiss\u00e3o mista da MP. Ap\u00f3s a aprova\u00e7\u00e3o na Casa Alta, o reajuste salarial aos servidores vai \u00e0 promulga\u00e7\u00e3o em sess\u00e3o do Congresso Nacional. Por acordo entre as lideran\u00e7as, os deputados decidiram retirar dispositivo proposto pela relatora para ampliar a margem livre do cr\u00e9dito consignado. Alice Portugal afirmou que os deputados devem debater o tema em outra proposi\u00e7\u00e3o legislativa.<\/p>\n\n\n\n<p><strong>Aux\u00edlio-alimenta\u00e7\u00e3o<\/strong><\/p>\n\n\n\n<p>A negocia\u00e7\u00e3o entre os l\u00edderes tamb\u00e9m promoveu aumento de 43% no aux\u00edlio-alimenta\u00e7\u00e3o. O reajuste passou os pagamentos de R$ 458 para R$ 658 mensais. No entanto, para o aumento do aux\u00edlio bastou a edi\u00e7\u00e3o da Portaria 977\/23, do Minist\u00e9rio da Gest\u00e3o e da Inova\u00e7\u00e3o em Servi\u00e7os P\u00fablicos. O \u00faltimo ano em que houve reajuste desse aux\u00edlio foi 2016.<\/p>\n\n\n\n<p><strong>Codevasf<\/strong><\/p>\n\n\n\n<p>Foram introduzidas no texto a cria\u00e7\u00e3o de mais uma diretoria na Companhia de Desenvolvimento do Vale do S\u00e3o Francisco (Codevasf), que passam de tr\u00eas para quatro. A cria\u00e7\u00e3o foi um acordo de integrantes do <strong>Centr\u00e3o<\/strong> com o governo. A tend\u00eancia \u00e9 que a quarta diretoria fique sob comando de partidos como PP e Republicanos, que devem ser oficializados no governo nas pr\u00f3ximas semanas.<\/p>\n\n\n\n<p><em>Fonte: Jovem Pan<\/em><\/p>\n","protected":false},"excerpt":{"rendered":"<p>A C\u00e2mara dos Deputados aprovou, nesta ter\u00e7a-feira, 22, uma medida provis\u00f3ria (MP) que reajusta em 9% o sal\u00e1rio de todos<\/p>\n","protected":false},"author":1,"featured_media":2516,"comment_status":"open","ping_status":"open","sticky":false,"template":"","format":"standard","meta":{"footnotes":""},"categories":[2],"tags":[],"class_list":["post-2515","post","type-post","status-publish","format-standard","has-post-thumbnail","hentry","category-noticias"],"_links":{"self":[{"href":"https:\/\/jornaloalvorada.com.br\/site\/wp-json\/wp\/v2\/posts\/2515","targetHints":{"allow":["GET"]}}],"collection":[{"href":"https:\/\/jornaloalvorada.com.br\/site\/wp-json\/wp\/v2\/posts"}],"about":[{"href":"https:\/\/jornaloalvorada.com.br\/site\/wp-json\/wp\/v2\/types\/post"}],"author":[{"embeddable":true,"href":"https:\/\/jornaloalvorada.com.br\/site\/wp-json\/wp\/v2\/users\/1"}],"replies":[{"embeddable":true,"href":"https:\/\/jornaloalvorada.com.br\/site\/wp-json\/wp\/v2\/comments?post=2515"}],"version-history":[{"count":1,"href":"https:\/\/jornaloalvorada.com.br\/site\/wp-json\/wp\/v2\/posts\/2515\/revisions"}],"predecessor-version":[{"id":2517,"href":"https:\/\/jornaloalvorada.com.br\/site\/wp-json\/wp\/v2\/posts\/2515\/revisions\/2517"}],"wp:featuredmedia":[{"embeddable":true,"href":"https:\/\/jornaloalvorada.com.br\/site\/wp-json\/wp\/v2\/media\/2516"}],"wp:attachment":[{"href":"https:\/\/jornaloalvorada.com.br\/site\/wp-json\/wp\/v2\/media?parent=2515"}],"wp:term":[{"taxonomy":"category","embeddable":true,"href":"https:\/\/jornaloalvorada.com.br\/site\/wp-json\/wp\/v2\/categories?post=2515"},{"taxonomy":"post_tag","embeddable":true,"href":"https:\/\/jornaloalvorada.com.br\/site\/wp-json\/wp\/v2\/tags?post=2515"}],"curies":[{"name":"wp","href":"https:\/\/api.w.org\/{rel}","templated":true}]}}