{"id":2506,"date":"2023-08-23T10:38:32","date_gmt":"2023-08-23T14:38:32","guid":{"rendered":"https:\/\/jornaloalvorada.com.br\/site\/?p=2506"},"modified":"2023-08-23T10:38:34","modified_gmt":"2023-08-23T14:38:34","slug":"prefeito-jose-paleari-visita-deputado-estadual-ze-teixeira","status":"publish","type":"post","link":"https:\/\/jornaloalvorada.com.br\/site\/2023\/08\/23\/prefeito-jose-paleari-visita-deputado-estadual-ze-teixeira\/","title":{"rendered":"Prefeito Jos\u00e9 Paleari visita deputado Estadual Z\u00e9 Teixeira"},"content":{"rendered":"\n<p>&#8220;Hoje, recebi a ilustre visita do atuante prefeito Jos\u00e9 Paulo Paleari. A minha querida Nova Alvorada do Sul est\u00e1 no caminho do progresso e do desenvolvimento. O relato dos avan\u00e7os da atual administra\u00e7\u00e3o municipal refor\u00e7am minha certeza que o crescimento s\u00f3 acontece quando caminhamos juntos&#8221;. Afirma Z\u00e9 Teixeira.<\/p>\n","protected":false},"excerpt":{"rendered":"<p>&#8220;Hoje, recebi a ilustre visita do atuante prefeito Jos\u00e9 Paulo Paleari. A minha querida Nova Alvorada do Sul est\u00e1 no<\/p>\n","protected":false},"author":1,"featured_media":2507,"comment_status":"open","ping_status":"open","sticky":false,"template":"","format":"standard","meta":{"footnotes":""},"categories":[3],"tags":[],"class_list":["post-2506","post","type-post","status-publish","format-standard","has-post-thumbnail","hentry","category-social"],"_links":{"self":[{"href":"https:\/\/jornaloalvorada.com.br\/site\/wp-json\/wp\/v2\/posts\/2506","targetHints":{"allow":["GET"]}}],"collection":[{"href":"https:\/\/jornaloalvorada.com.br\/site\/wp-json\/wp\/v2\/posts"}],"about":[{"href":"https:\/\/jornaloalvorada.com.br\/site\/wp-json\/wp\/v2\/types\/post"}],"author":[{"embeddable":true,"href":"https:\/\/jornaloalvorada.com.br\/site\/wp-json\/wp\/v2\/users\/1"}],"replies":[{"embeddable":true,"href":"https:\/\/jornaloalvorada.com.br\/site\/wp-json\/wp\/v2\/comments?post=2506"}],"version-history":[{"count":1,"href":"https:\/\/jornaloalvorada.com.br\/site\/wp-json\/wp\/v2\/posts\/2506\/revisions"}],"predecessor-version":[{"id":2508,"href":"https:\/\/jornaloalvorada.com.br\/site\/wp-json\/wp\/v2\/posts\/2506\/revisions\/2508"}],"wp:featuredmedia":[{"embeddable":true,"href":"https:\/\/jornaloalvorada.com.br\/site\/wp-json\/wp\/v2\/media\/2507"}],"wp:attachment":[{"href":"https:\/\/jornaloalvorada.com.br\/site\/wp-json\/wp\/v2\/media?parent=2506"}],"wp:term":[{"taxonomy":"category","embeddable":true,"href":"https:\/\/jornaloalvorada.com.br\/site\/wp-json\/wp\/v2\/categories?post=2506"},{"taxonomy":"post_tag","embeddable":true,"href":"https:\/\/jornaloalvorada.com.br\/site\/wp-json\/wp\/v2\/tags?post=2506"}],"curies":[{"name":"wp","href":"https:\/\/api.w.org\/{rel}","templated":true}]}}