{"id":2502,"date":"2023-08-23T10:32:25","date_gmt":"2023-08-23T14:32:25","guid":{"rendered":"https:\/\/jornaloalvorada.com.br\/site\/?p=2502"},"modified":"2023-08-23T10:32:27","modified_gmt":"2023-08-23T14:32:27","slug":"festival-de-inverno-de-bonito-comeca-com-atracoes-de-danca-circo-musica-e-literatura","status":"publish","type":"post","link":"https:\/\/jornaloalvorada.com.br\/site\/2023\/08\/23\/festival-de-inverno-de-bonito-comeca-com-atracoes-de-danca-circo-musica-e-literatura\/","title":{"rendered":"Festival de Inverno de Bonito come\u00e7a com atra\u00e7\u00f5es de dan\u00e7a, circo, m\u00fasica e literatura"},"content":{"rendered":"\n<p>T\u00e3o aguardado pelos sul-mato-grossenses, o Festival de Inverno de Bonito 2023 come\u00e7a nesta quarta-feira (23) com uma s\u00e9rie de atra\u00e7\u00f5es culturais, tendo j\u00e1 no primeiro dia apresenta\u00e7\u00f5es de circo, dan\u00e7a, literatura e shows musicais, com a participa\u00e7\u00e3o da cantora Faf\u00e1 de Bel\u00e9m.As atividades em Bonito, um dos maiores pontos de ecoturismo do mundo, come\u00e7am a partir das 8h com a \u201cConta\u00e7\u00e3o de hist\u00f3rias \u2013 Contos de brincar 7 cantar\u201d, que ser\u00e1 feito por Eduardo por Edubrincante e Gabrielle Cantante. O local ser\u00e1 o Centro de Educa\u00e7\u00e3o Infantil Laura Vicuna. <\/p>\n\n\n\n<p>A literatura d\u00e1 boas vindas a este festival tradicional do Estado.Depois a partir das 14h30 ser\u00e1 a vez do circo entrar em cena, com o \u201cShow do Pipokinha\u201d, que vai resgatar a magia desta arte t\u00e3o importante para os brasileiros. O repert\u00f3rio tem acrobacias, pirofagia, dan\u00e7a do ventre e momentos c\u00f4micos que v\u00e3o agradar crian\u00e7as e adultos. A apresenta\u00e7\u00e3o ser\u00e1 na Caixa C\u00eanica, localizada na \u00e1rea central da cidade.Durante a tarde ainda tem apresenta\u00e7\u00f5es com talentos regionais no Espa\u00e7o Cultura Bonito MS \u201cNosso espa\u00e7o, nossa liberdade. Bora pra pra\u00e7a cantar\u201d, na Pra\u00e7a da Liberdade, a partir das 15h30. S\u00e3o bandas e artistas solos que mostram suas can\u00e7\u00f5es e composi\u00e7\u00f5es em diferentes estilos musicais.\u00a0J\u00e1 a cerim\u00f4nia de abertura come\u00e7a \u00e0s 17h e segue at\u00e9 \u00e0s 21h, no Palco da Pra\u00e7a da Liberdade. Entre as atra\u00e7\u00f5es da solenidade est\u00e3o apresenta\u00e7\u00f5es das orquestras Jovem Sesc e Ra\u00edzes da Nossa Terra, dos grupos de dan\u00e7a \u201cOs Moura Andrades\u201d e \u201cCia Stornm de Dan\u00e7a\u201d e arte circense dos \u201cAnjos Voadores\u201d.<\/p>\n\n\n\n<p>No cen\u00e1rio musical ter\u00e1 o show \u201cCanta Bonito\u201d e a apresenta\u00e7\u00e3o de Faf\u00e1 de Bel\u00e9m, que est\u00e1 prevista para ocorrer as 22h30. O evento que segue at\u00e9 domingo (27) ser\u00e1 uma mistura de tecnologia, arte e pluralidade cultural. S\u00e3o conceitos que fazem parte da gest\u00e3o do governador Eduardo Riedel.\u00a0<a href=\"https:\/\/www.festivaldeinvernodebonito.ms.gov.br\/fib-2023-programacao\/\"><strong> (Confira toda a programa\u00e7\u00e3o)<\/strong><\/a>\u201cNessa edi\u00e7\u00e3o, vamos homenagear nossos artistas e tamb\u00e9m receber grandes atra\u00e7\u00f5es. Todos est\u00e3o convidados para fazer isso em um cen\u00e1rio exuberante, orgulho de Mato Grosso do Sul, que \u00e9 Bonito e a Serra da Bodoquena\u201d, afirmou o governador.<\/p>\n\n\n\n<p><em>Leonardo Rocha, Comunica\u00e7\u00e3o do Governo de MS<\/em> <em>Foto: Paula Caires\/Arquivo<\/em><\/p>\n","protected":false},"excerpt":{"rendered":"<p>T\u00e3o aguardado pelos sul-mato-grossenses, o Festival de Inverno de Bonito 2023 come\u00e7a nesta quarta-feira (23) com uma s\u00e9rie de atra\u00e7\u00f5es<\/p>\n","protected":false},"author":1,"featured_media":2503,"comment_status":"open","ping_status":"open","sticky":false,"template":"","format":"standard","meta":{"footnotes":""},"categories":[2],"tags":[],"class_list":["post-2502","post","type-post","status-publish","format-standard","has-post-thumbnail","hentry","category-noticias"],"_links":{"self":[{"href":"https:\/\/jornaloalvorada.com.br\/site\/wp-json\/wp\/v2\/posts\/2502","targetHints":{"allow":["GET"]}}],"collection":[{"href":"https:\/\/jornaloalvorada.com.br\/site\/wp-json\/wp\/v2\/posts"}],"about":[{"href":"https:\/\/jornaloalvorada.com.br\/site\/wp-json\/wp\/v2\/types\/post"}],"author":[{"embeddable":true,"href":"https:\/\/jornaloalvorada.com.br\/site\/wp-json\/wp\/v2\/users\/1"}],"replies":[{"embeddable":true,"href":"https:\/\/jornaloalvorada.com.br\/site\/wp-json\/wp\/v2\/comments?post=2502"}],"version-history":[{"count":1,"href":"https:\/\/jornaloalvorada.com.br\/site\/wp-json\/wp\/v2\/posts\/2502\/revisions"}],"predecessor-version":[{"id":2504,"href":"https:\/\/jornaloalvorada.com.br\/site\/wp-json\/wp\/v2\/posts\/2502\/revisions\/2504"}],"wp:featuredmedia":[{"embeddable":true,"href":"https:\/\/jornaloalvorada.com.br\/site\/wp-json\/wp\/v2\/media\/2503"}],"wp:attachment":[{"href":"https:\/\/jornaloalvorada.com.br\/site\/wp-json\/wp\/v2\/media?parent=2502"}],"wp:term":[{"taxonomy":"category","embeddable":true,"href":"https:\/\/jornaloalvorada.com.br\/site\/wp-json\/wp\/v2\/categories?post=2502"},{"taxonomy":"post_tag","embeddable":true,"href":"https:\/\/jornaloalvorada.com.br\/site\/wp-json\/wp\/v2\/tags?post=2502"}],"curies":[{"name":"wp","href":"https:\/\/api.w.org\/{rel}","templated":true}]}}