{"id":25,"date":"2023-01-31T15:16:49","date_gmt":"2023-01-31T18:16:49","guid":{"rendered":"https:\/\/jornaloalvorada.com.br\/site\/?p=25"},"modified":"2023-01-31T15:16:52","modified_gmt":"2023-01-31T18:16:52","slug":"xuxa-usa-linguagem-neutra-em-post-sobre-reality-caravana-das-drags","status":"publish","type":"post","link":"https:\/\/jornaloalvorada.com.br\/site\/2023\/01\/31\/xuxa-usa-linguagem-neutra-em-post-sobre-reality-caravana-das-drags\/","title":{"rendered":"Xuxa usa linguagem neutra em post sobre reality Caravana das Drags"},"content":{"rendered":"\n<p>Ainda sem data definida para estreia, o reality Caravana das Drags, que ser\u00e1 comandado por Xuxa Meneghel e Ikaro Kadoshi, divulgou os nomes de dez participantes dessa primeira edi\u00e7\u00e3o. Por meio das redes sociais, nesta segunda-feira (30), a loira usou linguagem neutra para falar sobre a atra\u00e7\u00e3o.<\/p>\n\n\n\n<p>\u2013 E a\u00ea, todes\u2026 foi dada a largada, a caravana t\u00e1 na estrada. E se voc\u00ea quer pegar carona pra conhecer o Brasil atrav\u00e9s da arte drag, voc\u00ea est\u00e1 mais do que convidado! Pegue seu ticket, entre no nosso bus\u00e3o e venha torcer com nosso reality. E for\u00e7a na peruca, porque este \u00e9 s\u00f3 o come\u00e7o de muita coisa que vamos aprender e viver juntos. Em breve, estreia \u2013 escreveu Xuxa, no Instagram.<\/p>\n\n\n\n<p><strong><em>Fonte: Terra Brasil Not\u00edcias<\/em><\/strong><\/p>\n","protected":false},"excerpt":{"rendered":"<p>Ainda sem data definida para estreia, o reality Caravana das Drags, que ser\u00e1 comandado por Xuxa Meneghel e Ikaro Kadoshi,<\/p>\n","protected":false},"author":1,"featured_media":26,"comment_status":"open","ping_status":"open","sticky":false,"template":"","format":"standard","meta":{"footnotes":""},"categories":[3],"tags":[],"class_list":["post-25","post","type-post","status-publish","format-standard","has-post-thumbnail","hentry","category-social"],"_links":{"self":[{"href":"https:\/\/jornaloalvorada.com.br\/site\/wp-json\/wp\/v2\/posts\/25","targetHints":{"allow":["GET"]}}],"collection":[{"href":"https:\/\/jornaloalvorada.com.br\/site\/wp-json\/wp\/v2\/posts"}],"about":[{"href":"https:\/\/jornaloalvorada.com.br\/site\/wp-json\/wp\/v2\/types\/post"}],"author":[{"embeddable":true,"href":"https:\/\/jornaloalvorada.com.br\/site\/wp-json\/wp\/v2\/users\/1"}],"replies":[{"embeddable":true,"href":"https:\/\/jornaloalvorada.com.br\/site\/wp-json\/wp\/v2\/comments?post=25"}],"version-history":[{"count":1,"href":"https:\/\/jornaloalvorada.com.br\/site\/wp-json\/wp\/v2\/posts\/25\/revisions"}],"predecessor-version":[{"id":27,"href":"https:\/\/jornaloalvorada.com.br\/site\/wp-json\/wp\/v2\/posts\/25\/revisions\/27"}],"wp:featuredmedia":[{"embeddable":true,"href":"https:\/\/jornaloalvorada.com.br\/site\/wp-json\/wp\/v2\/media\/26"}],"wp:attachment":[{"href":"https:\/\/jornaloalvorada.com.br\/site\/wp-json\/wp\/v2\/media?parent=25"}],"wp:term":[{"taxonomy":"category","embeddable":true,"href":"https:\/\/jornaloalvorada.com.br\/site\/wp-json\/wp\/v2\/categories?post=25"},{"taxonomy":"post_tag","embeddable":true,"href":"https:\/\/jornaloalvorada.com.br\/site\/wp-json\/wp\/v2\/tags?post=25"}],"curies":[{"name":"wp","href":"https:\/\/api.w.org\/{rel}","templated":true}]}}