{"id":2496,"date":"2023-08-22T08:41:43","date_gmt":"2023-08-22T12:41:43","guid":{"rendered":"https:\/\/jornaloalvorada.com.br\/site\/?p=2496"},"modified":"2023-08-22T08:41:46","modified_gmt":"2023-08-22T12:41:46","slug":"dia-de-conscientizacao-dos-direitos-da-pessoa-com-deficiencia-reforca-a-inclusao-e-o-combate-ao-capacitismo","status":"publish","type":"post","link":"https:\/\/jornaloalvorada.com.br\/site\/2023\/08\/22\/dia-de-conscientizacao-dos-direitos-da-pessoa-com-deficiencia-reforca-a-inclusao-e-o-combate-ao-capacitismo\/","title":{"rendered":"Dia de Conscientiza\u00e7\u00e3o dos Direitos da Pessoa com Defici\u00eancia refor\u00e7a a inclus\u00e3o e o combate ao capacitismo"},"content":{"rendered":"\n<p>H\u00e1 15 anos, o dia 21 de agosto, marca o Dia Estadual de Conscientiza\u00e7\u00e3o dos Direitos da Pessoa com Defici\u00eancia. Data institu\u00edda por meio da Lei Estadual n\u00ba 3.557, com o objetivo de conscientizar a sociedade para a igualdade de oportunidades a todos os cidad\u00e3os, promover os direitos humanos, conscientizar a popula\u00e7\u00e3o sobre assuntos relacionados \u00e0s defici\u00eancias e celebrar as conquistas da pessoa com defici\u00eancia at\u00e9 o momento.<\/p>\n\n\n\n<p>\u201cN\u00f3s temos uma legisla\u00e7\u00e3o estadual que vai ao encontro da nacional e internacional, leis que debatem todos os aspectos da inclus\u00e3o social, da inclus\u00e3o escolar, do processo de reabilita\u00e7\u00e3o, do acesso ao mundo do trabalho, mas principalmente, auxiliando para eliminar todas as barreiras\u201d, explica a Subsecret\u00e1ria de Pol\u00edticas P\u00fablicas para Pessoas com Defici\u00eancia, Telma Nantes de Matos.<\/p>\n\n\n\n<p>O Governo do Estado vem desenvolvendo pol\u00edticas p\u00fablicas transversais para fazer de Mato Grosso do Sul um exemplo de acessibilidade. \u201cNossas a\u00e7\u00f5es, enquanto Subsecretaria, tem o objetivo de promover a efetiva\u00e7\u00e3o das pol\u00edticas p\u00fablicas com a\u00e7\u00f5es concretas e efetivas. N\u00f3s estamos dialogando com os munic\u00edpios, porque as pessoas com defici\u00eancia est\u00e3o nos munic\u00edpios, ent\u00e3o as pol\u00edticas p\u00fablicas precisam acontecer em todas as 79 cidades. Estamos atuando fortemente para a concretiza\u00e7\u00e3o dos direitos das pessoas com defici\u00eancia. Acreditamos que juntos vamos fazer a diferen\u00e7a, e \u00e9 fundamental mantermos nosso lema de nada sobre n\u00f3s, sem n\u00f3s\u201d, frisa Telma.<\/p>\n\n\n<div class=\"wp-block-image\">\n<figure class=\"alignleft\" id=\"attachment_447265\"><img decoding=\"async\" src=\"https:\/\/agenciadenoticias.ms.gov.br\/wp-content\/uploads\/2023\/08\/Telma-Nantes-de-Matos-1536x1037-1-300x203.png\" alt=\"\" class=\"wp-image-447265\"\/><figcaption class=\"wp-element-caption\">\u201cEstamos atuando para a concretiza\u00e7\u00e3o dos direitos das pessoas com defici\u00eancia\u201d, diz Telma de Matos<\/figcaption><\/figure>\n<\/div>\n\n\n<p>Recentemente, o Estado recebeu a audi\u00eancia p\u00fablica para a constru\u00e7\u00e3o conjunta do Plano Viver Sem Limite 2, coordenado pelo Minist\u00e9rio dos Direitos Humanos e Cidadania, que tem como objetivo promover os direitos civis, pol\u00edticos, econ\u00f4micos, sociais e culturais das pessoas com defici\u00eancia e de suas fam\u00edlias por interm\u00e9dio do enfrentamento \u00e0s barreiras que as impedem de exercer a plena cidadania.<\/p>\n\n\n\n<p>Na ocasi\u00e3o, a secret\u00e1ria Nacional dos Direitos da Pessoa com Defici\u00eancia, Anna Paula Feminella, ressaltou que, \u201co nosso grande desafio \u00e9 unir os gestores p\u00fablicos com a sociedade civil para construir essa mudan\u00e7a de realidade, efetivar o direito e que a Constitui\u00e7\u00e3o saia do papel e seja realidade no dia a dia das cidades\u201d.<\/p>\n\n\n\n<p>Recorrendo aos dados da PNAD (Pesquisa Nacional por Amostragem de Domic\u00edlios) do IBGE, a secret\u00e1ria destacou que o Brasil tem, acima de 2 anos de idade, mais de 18 milh\u00f5es de pessoas vivendo com algum tipo de defici\u00eancia. Em Mato Grosso do Sul, 21% da popula\u00e7\u00e3o ou 526 mil pessoas t\u00eam alguma defici\u00eancia f\u00edsica, intelectual, auditiva, visual ou m\u00faltipla, de acordo com os dados do Instituto Brasileiro de Geografia e Estat\u00edstica (IBGE) de 2010.<\/p>\n\n\n\n<p><strong>O que \u00e9 capacitismo?<\/strong><\/p>\n\n\n\n<p>A palavra \u201ccapacitismo\u201d significa a discrimina\u00e7\u00e3o de pessoas com defici\u00eancia. O termo \u00e9 pautado na constru\u00e7\u00e3o social de um corpo padr\u00e3o, sem defici\u00eancia, denominado como \u201cnormal\u201d e da subestima\u00e7\u00e3o da capacidade e aptid\u00e3o de pessoas em virtude de suas defici\u00eancias.<\/p>\n\n\n\n<p>O capacitismo \u00e9 considerado uma forma de preconceito, comumente vindo de pessoas sem defici\u00eancia, que pr\u00e9-julgam a capacidade e habilidades das pessoas com defici\u00eancia com base apenas no que elas acreditam sobre aquela condi\u00e7\u00e3o.<\/p>\n\n\n\n<p><strong>Tipos de capacitismo<\/strong><\/p>\n\n\n\n<p>Segundo o Guia Anti Capacitista, escrito por Ivan Baron, um influenciador nordestino, existem 3 tipos de capacitismo:<\/p>\n\n\n\n<p>Capacitismo M\u00e9dico: Muitas pessoas se referem equivocadamente a pessoas com defici\u00eancia como se fossem ou estivessem doentes. Isso \u00e9 chamado de capacitismo m\u00e9dico.<\/p>\n\n\n\n<p>Capacitismo Recreativo: Este termo \u00e9 usado para definir o tipo de capacitismo mais comum entre a sociedade. Se refere \u00e0quelas brincadeiras de mau gosto envolvendo defici\u00eancias.<\/p>\n\n\n\n<p>Capacitismo Institucional: Este tipo de capacitismo acontece quando as organiza\u00e7\u00f5es contratam apenas uma cota de pessoas com defici\u00eancia e n\u00e3o as trata com equidade em rela\u00e7\u00e3o aos colaboradores sem defici\u00eancia. Isso tamb\u00e9m \u00e9 percebido na falta de acessibilidade presente nestes lugares.<\/p>\n\n\n\n<p><em>Jaqueline Hahn Tente, Comunica\u00e7\u00e3o Setescc<br>Foto: Matheus Carvalho<br>Foto capa: Bruno Rezende<\/em><\/p>\n","protected":false},"excerpt":{"rendered":"<p>H\u00e1 15 anos, o dia 21 de agosto, marca o Dia Estadual de Conscientiza\u00e7\u00e3o dos Direitos da Pessoa com Defici\u00eancia.<\/p>\n","protected":false},"author":1,"featured_media":2497,"comment_status":"open","ping_status":"open","sticky":false,"template":"","format":"standard","meta":{"footnotes":""},"categories":[2],"tags":[],"class_list":["post-2496","post","type-post","status-publish","format-standard","has-post-thumbnail","hentry","category-noticias"],"_links":{"self":[{"href":"https:\/\/jornaloalvorada.com.br\/site\/wp-json\/wp\/v2\/posts\/2496","targetHints":{"allow":["GET"]}}],"collection":[{"href":"https:\/\/jornaloalvorada.com.br\/site\/wp-json\/wp\/v2\/posts"}],"about":[{"href":"https:\/\/jornaloalvorada.com.br\/site\/wp-json\/wp\/v2\/types\/post"}],"author":[{"embeddable":true,"href":"https:\/\/jornaloalvorada.com.br\/site\/wp-json\/wp\/v2\/users\/1"}],"replies":[{"embeddable":true,"href":"https:\/\/jornaloalvorada.com.br\/site\/wp-json\/wp\/v2\/comments?post=2496"}],"version-history":[{"count":1,"href":"https:\/\/jornaloalvorada.com.br\/site\/wp-json\/wp\/v2\/posts\/2496\/revisions"}],"predecessor-version":[{"id":2498,"href":"https:\/\/jornaloalvorada.com.br\/site\/wp-json\/wp\/v2\/posts\/2496\/revisions\/2498"}],"wp:featuredmedia":[{"embeddable":true,"href":"https:\/\/jornaloalvorada.com.br\/site\/wp-json\/wp\/v2\/media\/2497"}],"wp:attachment":[{"href":"https:\/\/jornaloalvorada.com.br\/site\/wp-json\/wp\/v2\/media?parent=2496"}],"wp:term":[{"taxonomy":"category","embeddable":true,"href":"https:\/\/jornaloalvorada.com.br\/site\/wp-json\/wp\/v2\/categories?post=2496"},{"taxonomy":"post_tag","embeddable":true,"href":"https:\/\/jornaloalvorada.com.br\/site\/wp-json\/wp\/v2\/tags?post=2496"}],"curies":[{"name":"wp","href":"https:\/\/api.w.org\/{rel}","templated":true}]}}