{"id":2493,"date":"2023-08-22T08:38:25","date_gmt":"2023-08-22T12:38:25","guid":{"rendered":"https:\/\/jornaloalvorada.com.br\/site\/?p=2493"},"modified":"2023-08-22T08:38:27","modified_gmt":"2023-08-22T12:38:27","slug":"festival-de-inverno-de-bonito-divulga-programacao-completa-com-atracoes-nacionais-e-muita-diversao","status":"publish","type":"post","link":"https:\/\/jornaloalvorada.com.br\/site\/2023\/08\/22\/festival-de-inverno-de-bonito-divulga-programacao-completa-com-atracoes-nacionais-e-muita-diversao\/","title":{"rendered":"Festival de Inverno de Bonito divulga programa\u00e7\u00e3o completa com atra\u00e7\u00f5es nacionais e muita divers\u00e3o"},"content":{"rendered":"\n<p><div id=\"page\" class=\"hfeed site\"><div id=\"main\" class=\"clearfix\"><div class=\"inner-wrap clearfix\"><div id=\"primary\"><div id=\"content\" class=\"clearfix\"><article id=\"post-4007\" class=\"post-4007 post type-post status-publish format-standard has-post-thumbnail hentry category-cultura\"><div class=\"article-content clearfix\"><div class=\"entry-content clearfix\"><div id=\"single\"><div class=\"container\"><div class=\"row\"><div class=\"col-12  col-lg-8\"><div class=\"post-447295 post type-post status-publish format-standard has-post-thumbnail hentry category-cultura tag-destaque1\" id=\"post-447295\"><div class=\"entry\"><p>A  cantora Faf\u00e1 de Bel\u00e9m abre as atra\u00e7\u00f5es musicais  do XXII Festival de  Inverno de Bonito (FIB). O show de abertura acontece  na quarta-feira  (23), a partir das 22h30, no Palco das \u00c1guas. Faf\u00e1 deve  apresentar um  repert\u00f3rio com can\u00e7\u00f5es conhecidas dos f\u00e3s. A artista  paraense vai  mostrar ao p\u00fablico local e turistas porque \u00e9 uma das  cantora mais  amadas e respeitadas do pa\u00eds. Faf\u00e1 vai dar um passeio pelas  batidas  contagiantes do carimb\u00f3, passando pelos acordes empolgantes do  samba e  pelas melodias suaves da m\u00fasica popular brasileira at\u00e9 chegar na  bossa  nova suave e envolvente.<\/p> <p>O Festival de Bonito, que vai at\u00e9  domingo (27), conta com diversas  atra\u00e7\u00f5es culturais como shows  musicais, espet\u00e1culos, teatro, dan\u00e7a,  circo, arte, tecnologia,  interatividade, cenografia, atra\u00e7\u00f5es infantis e  diversas atividades  paralelas. A arte inspira onde a natureza respira.<\/p> <p>Nos cinco dias  do FIB 2023, o p\u00fablico tamb\u00e9m vai poder apreciar o  melhor da m\u00fasica  produzida por talentos locais. Entre bandas e artistas  solo, trios ou  demais combina\u00e7\u00f5es, com v\u00e1rias formas, performances e  estilos, mais de  25 m\u00fasicos revezam no palco para oferecer um repert\u00f3rio  com ritmos que  passam pelo rock, pop, mpb, samba, rap ,m\u00fasica regional e  sertanejo.<\/p> <p>No  segundo dia de apresenta\u00e7\u00f5es nacionais, Paulinho Moska e Maria  Gad\u00fa  alegram o p\u00fablico no Palco das \u00c1guas, na quinta-feira (24), tamb\u00e9m a   partir das 22h30.<\/p> <p>Paulinho Moska est\u00e1 celebrando trinta anos de  carreira e completou  recentemente 56 anos. Este m\u00eas, o cantor fez uma  grava\u00e7\u00e3o ao vivo do  show Beleza e Medo, com dire\u00e7\u00e3o de Batman Zavareze.  No FIB, Moska inclui  sucessos como Pensando em Voc\u00ea, Idade do C\u00e9u e  Namora Comigo e m\u00fasicas  de seu \u00faltimo disco ao lado de sucessos como  Pensando em Voc\u00ea, Idade do  C\u00e9u e Namora Comigo.<\/p> <p><img loading=\"lazy\" decoding=\"async\" width=\"768\" height=\"425\" class=\"aligncenter wp-image-445690 size-full\" src=\"https:\/\/agenciadenoticias.ms.gov.br\/wp-content\/uploads\/2023\/08\/Festival-de-Inverno-de-Bonito-Foto-Ricardo-Gomes-768x425-1.jpg\" alt=\"\"><\/p> <p>Na  sexta-feira (25), o Palco das \u00c1guas recebe a cantora Iza, que deu  fim  h\u00e1 pouco tempo a longa espera dos f\u00e3s e est\u00e1 de volta com seu  segundo  \u00e1lbum de est\u00fadio, intitulado \u201cAfrodhit\u201d. Iza define este projeto  como  seu disco mais feminino e pessoal, em que conta a hist\u00f3ria de sua   pr\u00f3pria vers\u00e3o da deusa grega do amor e da beleza, Afrodite.<\/p> <p>S\u00e1bado  \u00e0 noite, sobe ao Palco das \u00c1guas o rapper Emicida, que  completou este  m\u00eas 38 anos. O artista \u00e9 considerado uma das maiores  revela\u00e7\u00f5es do hip  hop do Brasil dos anos 2000, mas ultrapassou as  fronteiras do g\u00eanero,  fazendo colabora\u00e7\u00f5es com nomes do rock e do pop.  Suas importantes falas  e ideias sobre o panorama do mundo, seja na  esfera pol\u00edtica, cultural  ou social, tornou Emicida um dos mais  importantes pensadores  contempor\u00e2neos do pa\u00eds.<\/p> <p>E para encerrar o Festival, no dia 27 de  agosto (domingo) sobe ao  palco o Trio Parada Dura. Formado em Minas  Gerais no ano de 1971, \u00e9  considerado um dos maiores, mais antigos e  mais bem-sucedidos grupos  musicais de m\u00fasica sertaneja do Brasil.<\/p> <p>Atualmente  est\u00e3o em sua oitava forma\u00e7\u00e3o, com Creone, Leonito e  Xonad\u00e3o. O grupo  alcan\u00e7ou o sucesso nacional em 1981, com o lan\u00e7amento  do LP \u00daltimo  Adeus, em que interpretou as can\u00e7\u00f5es Fusc\u00e3o Preto e  Arapuca. Ao longo  da carreira, o Trio Parada Dura recebeu onze discos de  ouro e tr\u00eas de  platina.<\/p> <figure id=\"attachment_447296\" aria-describedby=\"caption-attachment-447296\" style=\"width: 1000px\" class=\"wp-caption alignnone\"><img loading=\"lazy\" decoding=\"async\" width=\"1000\" height=\"667\" class=\"wp-image-447296 size-full\" src=\"https:\/\/agenciadenoticias.ms.gov.br\/wp-content\/uploads\/2023\/08\/FIB-2023.jpeg\" alt=\"\"><figcaption id=\"caption-attachment-447296\" class=\"wp-caption-text\">O FIB conta com diversas atra\u00e7\u00f5es culturais como shows musicais, teatro, dan\u00e7a, circo, arte, tecnologia e atra\u00e7\u00f5es infantis<\/figcaption><\/figure> <p><strong>Inclus\u00e3o<\/strong><\/p> <p>O  acesso \u00e0 cultura a pessoas com defici\u00eancia est\u00e1 garantido no XXII   Festival de Inverno de Bonito. Diversas atra\u00e7\u00f5es, desde os shows   principais, conta\u00e7\u00e3o de hist\u00f3rias, demais a\u00e7\u00f5es na \u00e1rea de literatura,   apresenta\u00e7\u00f5es de dan\u00e7a, teatro e circo e gastronomia v\u00e3o oferecer   recursos acess\u00edveis com o intuito de atender a todos os p\u00fablicos e   sensibilizar os participantes do evento para a import\u00e2ncia da   acessibilidade.<\/p> <p>Os recursos que est\u00e3o dispon\u00edveis para o p\u00fablico  durante o Festival  s\u00e3o: a audiodescri\u00e7\u00e3o e libras. A audiodescri\u00e7\u00e3o \u00e9  um tipo de  acessibilidade comunicacional que possibilita \u00e0s pessoas com  defici\u00eancia  ver as imagens por meio das palavras e est\u00e1 prevista em  lei. Por meio  da narra\u00e7\u00e3o, ela d\u00e1 elementos para que estes usu\u00e1rios  especiais consigam  construir imagens mentais acerca de suas viv\u00eancias.<\/p> <p><strong>Homenagem<\/strong><\/p> <p>A  XXII Edi\u00e7\u00e3o do Festival de Inverno de Bonito homenageia o renomado   artista pl\u00e1stico sul-mato-grossense Humberto Augusto Miranda Esp\u00edndola.   Nascido em 04 de abril de 1943, Humberto Esp\u00edndola, al\u00e9m de escritor,   artista pl\u00e1stico e cantor, Esp\u00edndola teve uma relevante atua\u00e7\u00e3o na   divulga\u00e7\u00e3o da cultura regional criando, em 1974, o Museu de Arte e   Cultura Popular, ligado \u00e0 Universidade Federal de Mato Grosso; foi o   primeiro secret\u00e1rio de Estado de Cultura de Mato Grosso do Sul (1987 a   1990) e organizou, ao lado de Aline Figueiredo, a Primeira Exposi\u00e7\u00e3o dos   Artistas Mato-Grossenses que originou a Associa\u00e7\u00e3o Mato-Grossense de   Arte. Humberto foi, ainda, gestor art\u00edstico do Museu de Arte   Contempor\u00e2nea de MS (Marco) e coordenador de artes pl\u00e1sticas dos   primeiros Festivais Am\u00e9rica do Sul, realizado em Corumb\u00e1\/MS.<\/p> <p><strong>Economia Criativa<\/strong><\/p> <p>O  FIB 2023 \u00e9 uma realiza\u00e7\u00e3o do Governo de Mato Grosso do Sul, por  meio  da Funda\u00e7\u00e3o de Cultura, Sesc MS e Prefeitura de Bonito.Uma tra\u00e7\u00e3o  muito  esperada \u00e9 o Corredor de Economia Criativa com produtos oriundos  de  produtores de Mato Grosso do Sul, como gastronomia e artesanato.   Criatividade, sustentabilidade, diversidade cultural e inova\u00e7\u00e3o: todas   essas caracter\u00edsticas podem ser encontradas nos produtos desenvolvidos   por nossos empreendedores da economia criativa.<\/p> <p><strong>Atra\u00e7\u00f5es infantis<\/strong><\/p> <p>Nesta  edi\u00e7\u00e3o de 2023, a principal novidade \u00e9 o Festival Bonitinho,  com  diversas atra\u00e7\u00f5es para a crian\u00e7ada. Est\u00e3o confirmados \u201cMundo Bita\u201d,  no  dia 25, sexta-feira, e \u201cPalavra Cantada\u201d, no s\u00e1bado, 26.<\/p> <p><a href=\"https:\/\/www.festivaldeinvernodebonito.ms.gov.br\/fib-2023-programacao\/\"><strong>Acesse a programa\u00e7\u00e3o completo do XXII edi\u00e7\u00e3o do FIB<\/strong><\/a>.\u00a0<\/p> <p><em>Alexandre Gonzaga, Comunica\u00e7\u00e3o Governo de MS<\/em> <em>Foto: Ricardo Gomes<\/em><\/p> <\/div><\/div><\/div><\/div><\/div><\/div><\/div><\/div><\/article><\/div><\/div><\/div><\/div><\/div><\/p>\n","protected":false},"excerpt":{"rendered":"<p>A cantora Faf\u00e1 de Bel\u00e9m abre as atra\u00e7\u00f5es musicais do XXII Festival de Inverno de Bonito (FIB). O show de<\/p>\n","protected":false},"author":1,"featured_media":2494,"comment_status":"open","ping_status":"open","sticky":false,"template":"","format":"standard","meta":{"footnotes":""},"categories":[2],"tags":[],"class_list":["post-2493","post","type-post","status-publish","format-standard","has-post-thumbnail","hentry","category-noticias"],"_links":{"self":[{"href":"https:\/\/jornaloalvorada.com.br\/site\/wp-json\/wp\/v2\/posts\/2493","targetHints":{"allow":["GET"]}}],"collection":[{"href":"https:\/\/jornaloalvorada.com.br\/site\/wp-json\/wp\/v2\/posts"}],"about":[{"href":"https:\/\/jornaloalvorada.com.br\/site\/wp-json\/wp\/v2\/types\/post"}],"author":[{"embeddable":true,"href":"https:\/\/jornaloalvorada.com.br\/site\/wp-json\/wp\/v2\/users\/1"}],"replies":[{"embeddable":true,"href":"https:\/\/jornaloalvorada.com.br\/site\/wp-json\/wp\/v2\/comments?post=2493"}],"version-history":[{"count":1,"href":"https:\/\/jornaloalvorada.com.br\/site\/wp-json\/wp\/v2\/posts\/2493\/revisions"}],"predecessor-version":[{"id":2495,"href":"https:\/\/jornaloalvorada.com.br\/site\/wp-json\/wp\/v2\/posts\/2493\/revisions\/2495"}],"wp:featuredmedia":[{"embeddable":true,"href":"https:\/\/jornaloalvorada.com.br\/site\/wp-json\/wp\/v2\/media\/2494"}],"wp:attachment":[{"href":"https:\/\/jornaloalvorada.com.br\/site\/wp-json\/wp\/v2\/media?parent=2493"}],"wp:term":[{"taxonomy":"category","embeddable":true,"href":"https:\/\/jornaloalvorada.com.br\/site\/wp-json\/wp\/v2\/categories?post=2493"},{"taxonomy":"post_tag","embeddable":true,"href":"https:\/\/jornaloalvorada.com.br\/site\/wp-json\/wp\/v2\/tags?post=2493"}],"curies":[{"name":"wp","href":"https:\/\/api.w.org\/{rel}","templated":true}]}}