{"id":2485,"date":"2023-08-21T07:23:46","date_gmt":"2023-08-21T11:23:46","guid":{"rendered":"https:\/\/jornaloalvorada.com.br\/site\/?p=2485"},"modified":"2023-08-21T07:23:49","modified_gmt":"2023-08-21T11:23:49","slug":"faustao-tem-piora-no-quadro-de-saude-e-recebe-indicacao-medica-para-transplante-de-coracao","status":"publish","type":"post","link":"https:\/\/jornaloalvorada.com.br\/site\/2023\/08\/21\/faustao-tem-piora-no-quadro-de-saude-e-recebe-indicacao-medica-para-transplante-de-coracao\/","title":{"rendered":"Faust\u00e3o tem piora no quadro de sa\u00fade e recebe indica\u00e7\u00e3o m\u00e9dica para transplante de cora\u00e7\u00e3o"},"content":{"rendered":"\n<p>O apresentador <a href=\"https:\/\/jovempan.com.br\/tag\/Fausto-Silva\"><strong>Fausto Silva<\/strong><\/a> teve uma piora em seu estado de sa\u00fade e est\u00e1 sob cuidados intensivos no <a href=\"https:\/\/jovempan.com.br\/tag\/Fausto-Silva\"><strong>Hospital Albert Einstein<\/strong>,<\/a> em <a href=\"https:\/\/jovempan.com.br\/tag\/sao-paulo\"><strong>S\u00e3o Paulo<\/strong><\/a>. Segundo boletim divulgado neste domingo, 20, o quadro de sa\u00fade de Faust\u00e3o se agravou e os m\u00e9dicos consideram necess\u00e1rio fazer um transplante. De acordo com o documento assinado pelos m\u00e9dicos Fernando Bacal e Miguel Cendoroglo Neto o quadro do apresentador \u00e9 delicado. O comunicado ainda detalha informa\u00e7\u00f5es sobre os procedimentos m\u00e9dicos em curso.<\/p>\n\n\n\n<h3 class=\"wp-block-heading\">Confira abaixo a \u00edntegra da nota:<\/h3>\n\n\n\n<p><em>\u201cEm 05 de agosto, Fausto Silva deu entrada no Hospital Israelita Albert Einstein para tratamento de insufici\u00eancia card\u00edaca, condi\u00e7\u00e3o que vem sendo acompanhada desde 2020.<\/em><br><em>Ele encontra-se sob cuidados intensivos e, em virtude do agravamento do quadro, h\u00e1 indica\u00e7\u00e3o para transplante card\u00edaco. O paciente est\u00e1 em di\u00e1lise e necessitando de medicamentos para<\/em><br><em>ajudar na for\u00e7a de bombeamento do cora\u00e7\u00e3o.<\/em><br><em>Fausto Silva j\u00e1 foi inclu\u00eddo na fila \u00fanica de transplantes, regida pela Secretaria de Estado da Sa\u00fade de S\u00e3o Paulo, que leva em considera\u00e7\u00e3o, para defini\u00e7\u00e3o da prioriza\u00e7\u00e3o, o tempo de espera, a tipagem sangu\u00ednea e a gravidade do caso\u201d.<\/em><\/p>\n\n\n\n<p><em>Fonte: Jovem Pan<\/em><\/p>\n","protected":false},"excerpt":{"rendered":"<p>O apresentador Fausto Silva teve uma piora em seu estado de sa\u00fade e est\u00e1 sob cuidados intensivos no Hospital Albert<\/p>\n","protected":false},"author":1,"featured_media":2486,"comment_status":"open","ping_status":"open","sticky":false,"template":"","format":"standard","meta":{"footnotes":""},"categories":[2],"tags":[],"class_list":["post-2485","post","type-post","status-publish","format-standard","has-post-thumbnail","hentry","category-noticias"],"_links":{"self":[{"href":"https:\/\/jornaloalvorada.com.br\/site\/wp-json\/wp\/v2\/posts\/2485","targetHints":{"allow":["GET"]}}],"collection":[{"href":"https:\/\/jornaloalvorada.com.br\/site\/wp-json\/wp\/v2\/posts"}],"about":[{"href":"https:\/\/jornaloalvorada.com.br\/site\/wp-json\/wp\/v2\/types\/post"}],"author":[{"embeddable":true,"href":"https:\/\/jornaloalvorada.com.br\/site\/wp-json\/wp\/v2\/users\/1"}],"replies":[{"embeddable":true,"href":"https:\/\/jornaloalvorada.com.br\/site\/wp-json\/wp\/v2\/comments?post=2485"}],"version-history":[{"count":1,"href":"https:\/\/jornaloalvorada.com.br\/site\/wp-json\/wp\/v2\/posts\/2485\/revisions"}],"predecessor-version":[{"id":2487,"href":"https:\/\/jornaloalvorada.com.br\/site\/wp-json\/wp\/v2\/posts\/2485\/revisions\/2487"}],"wp:featuredmedia":[{"embeddable":true,"href":"https:\/\/jornaloalvorada.com.br\/site\/wp-json\/wp\/v2\/media\/2486"}],"wp:attachment":[{"href":"https:\/\/jornaloalvorada.com.br\/site\/wp-json\/wp\/v2\/media?parent=2485"}],"wp:term":[{"taxonomy":"category","embeddable":true,"href":"https:\/\/jornaloalvorada.com.br\/site\/wp-json\/wp\/v2\/categories?post=2485"},{"taxonomy":"post_tag","embeddable":true,"href":"https:\/\/jornaloalvorada.com.br\/site\/wp-json\/wp\/v2\/tags?post=2485"}],"curies":[{"name":"wp","href":"https:\/\/api.w.org\/{rel}","templated":true}]}}