{"id":2480,"date":"2023-08-21T07:18:02","date_gmt":"2023-08-21T11:18:02","guid":{"rendered":"https:\/\/jornaloalvorada.com.br\/site\/?p=2480"},"modified":"2023-08-21T07:18:04","modified_gmt":"2023-08-21T11:18:04","slug":"com-chuva-no-inicio-da-semana-ms-pode-registrar-40c-nos-proximos-dias","status":"publish","type":"post","link":"https:\/\/jornaloalvorada.com.br\/site\/2023\/08\/21\/com-chuva-no-inicio-da-semana-ms-pode-registrar-40c-nos-proximos-dias\/","title":{"rendered":"Com chuva no in\u00edcio da semana, MS pode registrar 40\u00b0C nos pr\u00f3ximos dias"},"content":{"rendered":"\n<p>A semana come\u00e7a com previs\u00e3o de altas temperaturas em Mato Grosso do Sul. Por\u00e9m, nesta segunda-feira (21) ainda devem ocorrer pancadas isoladas de chuvas, que se afastam do Estado criando condi\u00e7\u00f5es para temperaturas de at\u00e9 40\u00b0C nas regi\u00f5es Pantaneira, Sudoeste e Norte do Estado.<\/p>\n\n\n\n<p>A coordenadora do Cemtec (Centro de Monitoramento do Tempo e do Clima) vinculado a Semadesc (Secretaria de Estado de Meio Ambiente, Desenvolvimento, Ci\u00eancia, Tecnologia e Inova\u00e7\u00e3o), Valesca Fernandes, afirma que entre ter\u00e7a-feira e quinta-feira haver\u00e1 eleva\u00e7\u00e3o gradativa da temperatura e os term\u00f4metros podem registrar entre 39\u00b0C e 40\u00b0C. \u201cPara as regi\u00f5es Sudoeste e Pantaneira s\u00e3o esperadas temperaturas m\u00ednimas entre 22\u00b0C e 26\u00b0C e m\u00e1ximas de at\u00e9 40\u00b0C\u201d, afirmou a meteorologista.<\/p>\n\n\n\n<p>At\u00e9 quinta-feira o tempo deve ser est\u00e1vel, com sol e varia\u00e7\u00e3o de nebulosidade em grande parte do Estado. Durante a semana s\u00e3o previstas m\u00ednimas entre 16\u00b0C e 22\u00b0C e m\u00e1ximas que podem atingir 37\u00b0C nas regi\u00f5es Sul e Leste. Em Campo Grande, as m\u00ednimas ser\u00e3o entre 18\u00b0C e 24\u00b0C e m\u00e1ximas de at\u00e9 35\u00b0C. Al\u00e9m disso, ao longo da semana os valores de umidade devem ser baixos, entre 10% a 30%, com destaque regi\u00e3o Pantaneira, Sudoeste e Norte do Estado.<\/p>\n\n\n\n<p><em>Natalia Yahn, Comunica\u00e7\u00e3o Governo de MS<\/em><\/p>\n\n\n\n<p><em>Foto: \u00c1lvaro Rezende<\/em><\/p>\n","protected":false},"excerpt":{"rendered":"<p>A semana come\u00e7a com previs\u00e3o de altas temperaturas em Mato Grosso do Sul. Por\u00e9m, nesta segunda-feira (21) ainda devem ocorrer<\/p>\n","protected":false},"author":1,"featured_media":2155,"comment_status":"open","ping_status":"open","sticky":false,"template":"","format":"standard","meta":{"footnotes":""},"categories":[2],"tags":[],"class_list":["post-2480","post","type-post","status-publish","format-standard","has-post-thumbnail","hentry","category-noticias"],"_links":{"self":[{"href":"https:\/\/jornaloalvorada.com.br\/site\/wp-json\/wp\/v2\/posts\/2480","targetHints":{"allow":["GET"]}}],"collection":[{"href":"https:\/\/jornaloalvorada.com.br\/site\/wp-json\/wp\/v2\/posts"}],"about":[{"href":"https:\/\/jornaloalvorada.com.br\/site\/wp-json\/wp\/v2\/types\/post"}],"author":[{"embeddable":true,"href":"https:\/\/jornaloalvorada.com.br\/site\/wp-json\/wp\/v2\/users\/1"}],"replies":[{"embeddable":true,"href":"https:\/\/jornaloalvorada.com.br\/site\/wp-json\/wp\/v2\/comments?post=2480"}],"version-history":[{"count":1,"href":"https:\/\/jornaloalvorada.com.br\/site\/wp-json\/wp\/v2\/posts\/2480\/revisions"}],"predecessor-version":[{"id":2481,"href":"https:\/\/jornaloalvorada.com.br\/site\/wp-json\/wp\/v2\/posts\/2480\/revisions\/2481"}],"wp:featuredmedia":[{"embeddable":true,"href":"https:\/\/jornaloalvorada.com.br\/site\/wp-json\/wp\/v2\/media\/2155"}],"wp:attachment":[{"href":"https:\/\/jornaloalvorada.com.br\/site\/wp-json\/wp\/v2\/media?parent=2480"}],"wp:term":[{"taxonomy":"category","embeddable":true,"href":"https:\/\/jornaloalvorada.com.br\/site\/wp-json\/wp\/v2\/categories?post=2480"},{"taxonomy":"post_tag","embeddable":true,"href":"https:\/\/jornaloalvorada.com.br\/site\/wp-json\/wp\/v2\/tags?post=2480"}],"curies":[{"name":"wp","href":"https:\/\/api.w.org\/{rel}","templated":true}]}}