{"id":2475,"date":"2023-08-18T16:42:05","date_gmt":"2023-08-18T20:42:05","guid":{"rendered":"https:\/\/jornaloalvorada.com.br\/site\/?p=2475"},"modified":"2023-08-18T16:43:49","modified_gmt":"2023-08-18T20:43:49","slug":"dancinha-com-bebe-em-hospital-de-santa-catarina-acaba-em-demissao-para-quatro-funcionarios","status":"publish","type":"post","link":"https:\/\/jornaloalvorada.com.br\/site\/2023\/08\/18\/dancinha-com-bebe-em-hospital-de-santa-catarina-acaba-em-demissao-para-quatro-funcionarios\/","title":{"rendered":"\u2018Dancinha\u2019 com beb\u00ea em hospital de Santa Catarina acaba em demiss\u00e3o para quatro funcion\u00e1rios"},"content":{"rendered":"\n<p>Centenas  de pessoas reagiram com rep\u00fadio e criticaram com veem\u00eancia um v\u00eddeo que  viralizou nas redes sociais e que mostra uma funcion\u00e1ria com um <a href=\"https:\/\/www.metroworldnews.com.br\/foco\/2023\/08\/15\/desenrola-bate-joga-de-ladin-funcionaria-de-hospital-grava-video-com-recem-nascido-fazendo-coreografia-e-causa-revolta\/\" target=\"_blank\" rel=\"noopener\">beb\u00ea rec\u00e9m nascido no bolso do jaleco<\/a> de uma funcion\u00e1ria de um hospital de Santa Catarina fazendo dancinha coreografada.<\/p>\n\n\n\n<p>Nas imagens, a funcion\u00e1ria, que foi identificada como uma fisioterapeuta, faz coreografia com a crian\u00e7a e d\u00e1 risada, acompanhada de outras pessoas, que assistem a cena tamb\u00e9m se divertindo. \u201cDesenrola, bate, joga de ladinho\u201d, ela canta. A data da grava\u00e7\u00e3o n\u00e3o foi confirmada, mas as imagens vieram a p\u00fablico nesta semana.<\/p>\n\n\n\n<p>A funcion\u00e1ria foi identificada e demitida pelo Hospital e Maternidade Marieta Konder Bornhausen, em Itaja\u00ed, juntamente com outras tr\u00eas t\u00e9cnicas de enfermagem, que ajudaram a filmar ou simplesmente acompanharam o caso e n\u00e3o relataram aos superiores.<\/p>\n\n\n\n<figure class=\"wp-block-embed is-type-rich is-provider-twitter wp-block-embed-twitter\"><div class=\"wp-block-embed__wrapper\">\n<blockquote class=\"twitter-tweet\" data-width=\"550\" data-dnt=\"true\"><p lang=\"pt\" dir=\"ltr\">\ud83d\udea8VEJA: Funcion\u00e1ria \u00e9 filmada dan\u00e7ando com rec\u00e9m-nascido no bolso do uniforme em hospital de SC. <br><br>Em nota, o hospital afirmou que repudia a conduta, considerada \u201cinapropriada e criminosa\u201d. Segundo o hospital, todos os envolvidos ser\u00e3o penalizados. <br><br> <a href=\"https:\/\/t.co\/wuAr6du1Fa\">pic.twitter.com\/wuAr6du1Fa<\/a><\/p>&mdash; CHOQUEI (@choquei) <a href=\"https:\/\/twitter.com\/choquei\/status\/1691486312262512650?ref_src=twsrc%5Etfw\">August 15, 2023<\/a><\/blockquote><script async src=\"https:\/\/platform.twitter.com\/widgets.js\" charset=\"utf-8\"><\/script>\n<\/div><\/figure>\n\n\n\n<p>A fisioterapeuta era de uma empresa terceirizada, e al\u00e9m do afastamento do hospital e da empresa pela qual \u00e9 contratada, teve a carteira profissional suspensa de forma cautelar pelo Conselho Regional de Fisioterapia de Santa Catarina, que vai instaurar processo \u00e9tico disciplinar.<\/p>\n\n\n\n<p>J\u00e1 as t\u00e9cnicas eram funcion\u00e1rias contratadas e, segundo a dire\u00e7\u00e3o do hospital, falharam em garantir a prote\u00e7\u00e3o da crian\u00e7a, por isso foram desligadas.<\/p>\n\n\n\n<p>O beb\u00ea das imagens, de acordo com nota do hospital, nasceu prematuro e segue internado, mas passa bem e s\u00f3 poder\u00e1 ter alta ap\u00f3s atingir peso e tamanho recomendado por seu pediatra.<\/p>\n\n\n\n<p>O vereador de Itaja\u00ed Osmar Teixeira, respons\u00e1vel por divulgar o v\u00eddeo nas redes e pedir providencias da dire\u00e7\u00e3o do hospital, disse que vai acompanhar o encaminhamento do caso para o Minist\u00e9rio p\u00fablico. \u201cQuem fez isso n\u00e3o \u00e9 um profissional, isso \u00e9 um absurdo\u201d, classificou.<\/p>\n\n\n\n<p><em>Fonte: Metro<\/em><\/p>\n","protected":false},"excerpt":{"rendered":"<p>Centenas de pessoas reagiram com rep\u00fadio e criticaram com veem\u00eancia um v\u00eddeo que viralizou nas redes sociais e que mostra<\/p>\n","protected":false},"author":1,"featured_media":2476,"comment_status":"open","ping_status":"open","sticky":false,"template":"","format":"standard","meta":{"footnotes":""},"categories":[2],"tags":[],"class_list":["post-2475","post","type-post","status-publish","format-standard","has-post-thumbnail","hentry","category-noticias"],"_links":{"self":[{"href":"https:\/\/jornaloalvorada.com.br\/site\/wp-json\/wp\/v2\/posts\/2475","targetHints":{"allow":["GET"]}}],"collection":[{"href":"https:\/\/jornaloalvorada.com.br\/site\/wp-json\/wp\/v2\/posts"}],"about":[{"href":"https:\/\/jornaloalvorada.com.br\/site\/wp-json\/wp\/v2\/types\/post"}],"author":[{"embeddable":true,"href":"https:\/\/jornaloalvorada.com.br\/site\/wp-json\/wp\/v2\/users\/1"}],"replies":[{"embeddable":true,"href":"https:\/\/jornaloalvorada.com.br\/site\/wp-json\/wp\/v2\/comments?post=2475"}],"version-history":[{"count":2,"href":"https:\/\/jornaloalvorada.com.br\/site\/wp-json\/wp\/v2\/posts\/2475\/revisions"}],"predecessor-version":[{"id":2479,"href":"https:\/\/jornaloalvorada.com.br\/site\/wp-json\/wp\/v2\/posts\/2475\/revisions\/2479"}],"wp:featuredmedia":[{"embeddable":true,"href":"https:\/\/jornaloalvorada.com.br\/site\/wp-json\/wp\/v2\/media\/2476"}],"wp:attachment":[{"href":"https:\/\/jornaloalvorada.com.br\/site\/wp-json\/wp\/v2\/media?parent=2475"}],"wp:term":[{"taxonomy":"category","embeddable":true,"href":"https:\/\/jornaloalvorada.com.br\/site\/wp-json\/wp\/v2\/categories?post=2475"},{"taxonomy":"post_tag","embeddable":true,"href":"https:\/\/jornaloalvorada.com.br\/site\/wp-json\/wp\/v2\/tags?post=2475"}],"curies":[{"name":"wp","href":"https:\/\/api.w.org\/{rel}","templated":true}]}}