{"id":2467,"date":"2023-08-18T09:37:31","date_gmt":"2023-08-18T13:37:31","guid":{"rendered":"https:\/\/jornaloalvorada.com.br\/site\/?p=2467"},"modified":"2023-08-18T09:37:33","modified_gmt":"2023-08-18T13:37:33","slug":"bolsonaro-entra-com-queixa-crime-contra-delgatti-por-calunia-e-difamacao","status":"publish","type":"post","link":"https:\/\/jornaloalvorada.com.br\/site\/2023\/08\/18\/bolsonaro-entra-com-queixa-crime-contra-delgatti-por-calunia-e-difamacao\/","title":{"rendered":"Bolsonaro entra com queixa-crime contra Delgatti por cal\u00fania e difama\u00e7\u00e3o"},"content":{"rendered":"\n<p><div class=\"container\" dir=\"ltr\" lang=\"pt-BR\"><div class=\"content\"><div class=\"moz-reader-content reader-show-element\"><div id=\"readability-page-1\" class=\"page\"><article id=\"post-1456742\"><div><p>A\u00a0 defesa do ex-presidente <a href=\"https:\/\/jovempan.com.br\/tag\/bolsonaro\"><strong>Jair Bolsonaro<\/strong><\/a> (PL) vai entrar com uma queixa-crime contra o hacker <a href=\"https:\/\/jovempan.com.br\/tag\/walter-delgatti\"><strong>Walter Delgatti Neto<\/strong><\/a>  por crimes contra a honra. De acordo com os advogados do ex-mandat\u00e1rio,  ele sofreu cal\u00fania e difama\u00e7\u00e3o durante o depoimento prestado pelo  hacker na <a href=\"https:\/\/jovempan.com.br\/tag\/cpmi-do-8-de-janeiro\"><strong>Comiss\u00e3o Parlamentar Mista de Inqu\u00e9rito<\/strong><\/a> (CPMI) do <a href=\"https:\/\/jovempan.com.br\/tag\/8-de-janeiro\"><strong>8 de Janeiro<\/strong><\/a>  nesta quinta-feira, 17. Na sess\u00e3o do colegiado, o hacker disse que  Bolsonaro lhe pediu para assumir a responsabilidade sobre um grampo que  teria sido colocado pelo pr\u00f3prio governo contra o ministro do <strong>Supremo Tribunal Federal<\/strong>\u00a0(STF)\u00a0<a href=\"https:\/\/jovempan.com.br\/tag\/alexandre-de-moraes\"><strong>Alexandre de Moraes<\/strong><\/a>, ent\u00e3o presidente do\u00a0<strong>Tribunal Superior Eleitoral<\/strong> (TSE). Delgatti tamb\u00e9m afirmou que Bolsonaro e aliados propuseram que ele simulasse um ataque falso a urnas eletr\u00f4nicas.Ao responder questionamentos da relatora\u00a0<strong>Eliziane Gama<\/strong> (PSD-MA), Delgatti afirmou que teve uma conversa com Bolsonaro por telefone ap\u00f3s um encontro com a deputada <a href=\"https:\/\/jovempan.com.br\/tag\/carla-zambelli\"><strong>Carla Zambelli<\/strong>\u00a0<\/a>(PL-SP).  Durante a liga\u00e7\u00e3o, o ex-presidente teria dito que \u201cagentes de fora do  pa\u00eds\u201d haviam colocado escutas ilegais contra Moraes. O hacker afirmou  que n\u00e3o teve acesso ao grampo, mas que aceitou o pedido de Bolsonaro de  assumir a responsabilidade pelo suposto equipamento usado para monitorar  Moraes. \u201cEle disse que, em troca, eu teria o prometido indulto e ainda  disse assim: \u2018caso algu\u00e9m te prender, eu [Bolsonaro] mando prender o  juiz\u2019 e deu risada\u201d, afirmou Delgatti, preso por invadir o sistema do  Conselho Nacional de Justi\u00e7a (CNJ) e de outros tribunais. O objetivo do  ato, segundo o hacker, era provocar alguma a\u00e7\u00e3o contra o ministro <strong>Alexandre de Moraes<\/strong>\u00a0e  for\u00e7ar a realiza\u00e7\u00e3o de nova elei\u00e7\u00e3o. Dessa vez, com o chamado voto  impresso, modalidade que foi negada pelo Congresso Nacional em 2021. <\/p><\/div><\/article><\/div><\/div><\/div><\/div><em>Fonte: Jovem Pan<\/em><\/p>\n","protected":false},"excerpt":{"rendered":"<p>A\u00a0 defesa do ex-presidente Jair Bolsonaro (PL) vai entrar com uma queixa-crime contra o hacker Walter Delgatti Neto por crimes<\/p>\n","protected":false},"author":1,"featured_media":2468,"comment_status":"open","ping_status":"open","sticky":false,"template":"","format":"standard","meta":{"footnotes":""},"categories":[2],"tags":[],"class_list":["post-2467","post","type-post","status-publish","format-standard","has-post-thumbnail","hentry","category-noticias"],"_links":{"self":[{"href":"https:\/\/jornaloalvorada.com.br\/site\/wp-json\/wp\/v2\/posts\/2467","targetHints":{"allow":["GET"]}}],"collection":[{"href":"https:\/\/jornaloalvorada.com.br\/site\/wp-json\/wp\/v2\/posts"}],"about":[{"href":"https:\/\/jornaloalvorada.com.br\/site\/wp-json\/wp\/v2\/types\/post"}],"author":[{"embeddable":true,"href":"https:\/\/jornaloalvorada.com.br\/site\/wp-json\/wp\/v2\/users\/1"}],"replies":[{"embeddable":true,"href":"https:\/\/jornaloalvorada.com.br\/site\/wp-json\/wp\/v2\/comments?post=2467"}],"version-history":[{"count":1,"href":"https:\/\/jornaloalvorada.com.br\/site\/wp-json\/wp\/v2\/posts\/2467\/revisions"}],"predecessor-version":[{"id":2469,"href":"https:\/\/jornaloalvorada.com.br\/site\/wp-json\/wp\/v2\/posts\/2467\/revisions\/2469"}],"wp:featuredmedia":[{"embeddable":true,"href":"https:\/\/jornaloalvorada.com.br\/site\/wp-json\/wp\/v2\/media\/2468"}],"wp:attachment":[{"href":"https:\/\/jornaloalvorada.com.br\/site\/wp-json\/wp\/v2\/media?parent=2467"}],"wp:term":[{"taxonomy":"category","embeddable":true,"href":"https:\/\/jornaloalvorada.com.br\/site\/wp-json\/wp\/v2\/categories?post=2467"},{"taxonomy":"post_tag","embeddable":true,"href":"https:\/\/jornaloalvorada.com.br\/site\/wp-json\/wp\/v2\/tags?post=2467"}],"curies":[{"name":"wp","href":"https:\/\/api.w.org\/{rel}","templated":true}]}}