{"id":2462,"date":"2023-08-17T23:00:00","date_gmt":"2023-08-18T03:00:00","guid":{"rendered":"https:\/\/jornaloalvorada.com.br\/site\/?p=2462"},"modified":"2023-08-18T00:21:58","modified_gmt":"2023-08-18T04:21:58","slug":"mae-de-larissa-manoela-esta-sofrendo-e-quer-reconciliacao-diz-defesa","status":"publish","type":"post","link":"https:\/\/jornaloalvorada.com.br\/site\/2023\/08\/17\/mae-de-larissa-manoela-esta-sofrendo-e-quer-reconciliacao-diz-defesa\/","title":{"rendered":"M\u00e3e de Larissa Manoela est\u00e1 sofrendo e quer reconcilia\u00e7\u00e3o, diz defesa"},"content":{"rendered":"\n<p><div class=\"cb-main-wrap\"><div class=\"content-materia\"><div class=\"wrapper\"><section class=\"body-content-cb\"><article class=\"article\" id=\"digital\" data-fetch=\"true\"><p class=\"texto\">Em meio aos conflitos que  surgiram, Silvana Taques, m\u00e3e de Larissa, expressa um desejo fervente de  reconcilia\u00e7\u00e3o com sua filha. Falando em nome dela, o advogado Evaristo  Martins de Azevedo, em entrevista ao <a title=\"Gshow\" rel=\"nofollow noopener noreferrer\" href=\"https:\/\/gshow.globo.com\/tudo-mais\/tv-e-famosos\/noticia\/advogado-dos-pais-de-larissa-manoela-diz-que-silvana-quer-reconciliacao-nao-existe-um-litigio-existe-um-atrito.ghtml\" target=\"_blank\">Gshow<\/a>, compartilhou a ang\u00fastia que Silvana tem enfrentado.<\/p><\/article><\/section><\/div><\/div><\/div>Ele afirmou que o cora\u00e7\u00e3o da m\u00e3e est\u00e1 &#8220;dilacerado&#8221; diante dos ataques que tem sofrido e destacou sua disposi\u00e7\u00e3o em encontrar uma solu\u00e7\u00e3o para a situa\u00e7\u00e3o complicada.<\/p>\n\n\n\n<p>A defesa de Silvana adota uma perspectiva diferente daquela que Larissa tentou transmitir. Segundo o advogado, o objetivo \u00e9 resolver o conflito de maneira serena, buscando uma resolu\u00e7\u00e3o tranquila para o atrito existente. Silvana escolheu n\u00e3o responder publicamente \u00e0s a\u00e7\u00f5es de sua filha, rejeitando o uso da imprensa para qualquer forma de difama\u00e7\u00e3o ou confronto. Evaristo reitera que o foco de Silvana \u00e9 transmitir amor e empatia, refletindo seu desejo de reconstruir a fam\u00edlia e reestabelecer o v\u00ednculo com Larissa.<\/p>\n\n\n\n<p>&#8220;Foi anivers\u00e1rio da m\u00e3e e a filha n\u00e3o ligou. Se a Larissa xingar a m\u00e3e, falar ou deixar de falar, a Silvana n\u00e3o vai responder. Ela continua sendo filha&#8221;, finalizou o advogado.<\/p>\n\n\n\n<p>Nesse contexto, o advogado enfatiza que a situa\u00e7\u00e3o \u00e9 intrinsecamente familiar, delineando o objetivo central de Silvana: reunir sua fam\u00edlia e recuperar o relacionamento com sua filha. Ele ressalta a profundidade do amor materno, revelando que, independentemente das palavras ou a\u00e7\u00f5es de Larissa, Silvana continuar\u00e1 sendo sua m\u00e3e.<\/p>\n\n\n\n<p><em>Fonte: Correio Braziliense<\/em><\/p>\n","protected":false},"excerpt":{"rendered":"<p>Em meio aos conflitos que surgiram, Silvana Taques, m\u00e3e de Larissa, expressa um desejo fervente de reconcilia\u00e7\u00e3o com sua filha.<\/p>\n","protected":false},"author":1,"featured_media":2463,"comment_status":"open","ping_status":"open","sticky":false,"template":"","format":"standard","meta":{"footnotes":""},"categories":[3],"tags":[],"class_list":["post-2462","post","type-post","status-publish","format-standard","has-post-thumbnail","hentry","category-social"],"_links":{"self":[{"href":"https:\/\/jornaloalvorada.com.br\/site\/wp-json\/wp\/v2\/posts\/2462","targetHints":{"allow":["GET"]}}],"collection":[{"href":"https:\/\/jornaloalvorada.com.br\/site\/wp-json\/wp\/v2\/posts"}],"about":[{"href":"https:\/\/jornaloalvorada.com.br\/site\/wp-json\/wp\/v2\/types\/post"}],"author":[{"embeddable":true,"href":"https:\/\/jornaloalvorada.com.br\/site\/wp-json\/wp\/v2\/users\/1"}],"replies":[{"embeddable":true,"href":"https:\/\/jornaloalvorada.com.br\/site\/wp-json\/wp\/v2\/comments?post=2462"}],"version-history":[{"count":1,"href":"https:\/\/jornaloalvorada.com.br\/site\/wp-json\/wp\/v2\/posts\/2462\/revisions"}],"predecessor-version":[{"id":2464,"href":"https:\/\/jornaloalvorada.com.br\/site\/wp-json\/wp\/v2\/posts\/2462\/revisions\/2464"}],"wp:featuredmedia":[{"embeddable":true,"href":"https:\/\/jornaloalvorada.com.br\/site\/wp-json\/wp\/v2\/media\/2463"}],"wp:attachment":[{"href":"https:\/\/jornaloalvorada.com.br\/site\/wp-json\/wp\/v2\/media?parent=2462"}],"wp:term":[{"taxonomy":"category","embeddable":true,"href":"https:\/\/jornaloalvorada.com.br\/site\/wp-json\/wp\/v2\/categories?post=2462"},{"taxonomy":"post_tag","embeddable":true,"href":"https:\/\/jornaloalvorada.com.br\/site\/wp-json\/wp\/v2\/tags?post=2462"}],"curies":[{"name":"wp","href":"https:\/\/api.w.org\/{rel}","templated":true}]}}