{"id":2456,"date":"2023-08-17T14:08:16","date_gmt":"2023-08-17T18:08:16","guid":{"rendered":"https:\/\/jornaloalvorada.com.br\/site\/?p=2456"},"modified":"2023-08-17T14:08:19","modified_gmt":"2023-08-17T18:08:19","slug":"enquanto-gasolina-fica-mais-cara-e-bolsa-tem-quedas-consecutivas-lula-nao-tira-bolsonaro-da-boca","status":"publish","type":"post","link":"https:\/\/jornaloalvorada.com.br\/site\/2023\/08\/17\/enquanto-gasolina-fica-mais-cara-e-bolsa-tem-quedas-consecutivas-lula-nao-tira-bolsonaro-da-boca\/","title":{"rendered":"Enquanto gasolina fica mais cara e Bolsa tem quedas consecutivas, Lula n\u00e3o tira Bolsonaro da boca"},"content":{"rendered":"\n<p>Enquanto o pre\u00e7o da gasolina sobe e a Bolsa de Valores despenca pela 11\u00aa vez consecutiva, Luiz In\u00e1cio Lula da Silva (PT) insiste em inflamar seus discursos e mirar ataques pessoais contra Jair Bolsonaro (PL), seu principal advers\u00e1rio.<\/p>\n\n\n\n<p>Mesmo ap\u00f3s o per\u00edodo das elei\u00e7\u00f5es, a figura do agora presidente da Rep\u00fablica, em contraponto ao seu papel anterior de candidato, permanece em clima de guerra incessante, alimentando discursos encharcados de \u00f3dio, polariza\u00e7\u00e3o e avers\u00e3o. <ins><\/ins><\/p>\n\n\n\n<p>Ao mesmo tempo, o panorama econ\u00f4mico traz sinais alarmantes: empresas de diversos setores t\u00eam optado pelo fechamento de lojas, enquanto demiss\u00f5es em s\u00e9rie disparam pela for\u00e7a de trabalho. A confian\u00e7a nos pr\u00f3ximos anos se abala perante a conjuntura pol\u00edtica.<\/p>\n\n\n\n<p>Apesar de oito meses j\u00e1 terem se passado desde a posse do novo governo, o Brasil experimenta uma sensa\u00e7\u00e3o de in\u00e9rcia. As a\u00e7\u00f5es executadas at\u00e9 o momento deixam a desejar em termos de resultados palp\u00e1veis, o que alimenta s\u00e9rios questionamentos sobre o direcionamento e a efic\u00e1cia das iniciativas do lulopetismo \u00e0 frente do Pal\u00e1cio do Planalto.<\/p>\n\n\n\n<p>Os dias n\u00e3o t\u00eam sido nada bons. Enquanto os cidad\u00e3os sentem no bolso o impacto do aumento da gasolina e o mercado financeiro tateia em busca de estabilidade, a persistente polariza\u00e7\u00e3o pol\u00edtica somada \u00e0 falta de medidas t\u00e9cnicas para impulsionar a economia fomentam um clima de desespero social<\/p>\n\n\n\n<p>Mesmo diante do caos que predomina o ano de 2023, Lula segue sem tirar o Bolsonaro da boca. Assim como um escudo \u00e9 usado para blindar a vulnerabilidade, Lula utiliza Bolsonaro como cortina de fuma\u00e7a para encobrir os desafios que ele mesmo n\u00e3o consegue enfrentar em sua administra\u00e7\u00e3o.<\/p>\n\n\n\n<p><em>Fonte: Conex\u00e3o Pol\u00edtica<\/em><\/p>\n","protected":false},"excerpt":{"rendered":"<p>Enquanto o pre\u00e7o da gasolina sobe e a Bolsa de Valores despenca pela 11\u00aa vez consecutiva, Luiz In\u00e1cio Lula da<\/p>\n","protected":false},"author":1,"featured_media":2457,"comment_status":"open","ping_status":"open","sticky":false,"template":"","format":"standard","meta":{"footnotes":""},"categories":[2],"tags":[],"class_list":["post-2456","post","type-post","status-publish","format-standard","has-post-thumbnail","hentry","category-noticias"],"_links":{"self":[{"href":"https:\/\/jornaloalvorada.com.br\/site\/wp-json\/wp\/v2\/posts\/2456","targetHints":{"allow":["GET"]}}],"collection":[{"href":"https:\/\/jornaloalvorada.com.br\/site\/wp-json\/wp\/v2\/posts"}],"about":[{"href":"https:\/\/jornaloalvorada.com.br\/site\/wp-json\/wp\/v2\/types\/post"}],"author":[{"embeddable":true,"href":"https:\/\/jornaloalvorada.com.br\/site\/wp-json\/wp\/v2\/users\/1"}],"replies":[{"embeddable":true,"href":"https:\/\/jornaloalvorada.com.br\/site\/wp-json\/wp\/v2\/comments?post=2456"}],"version-history":[{"count":1,"href":"https:\/\/jornaloalvorada.com.br\/site\/wp-json\/wp\/v2\/posts\/2456\/revisions"}],"predecessor-version":[{"id":2458,"href":"https:\/\/jornaloalvorada.com.br\/site\/wp-json\/wp\/v2\/posts\/2456\/revisions\/2458"}],"wp:featuredmedia":[{"embeddable":true,"href":"https:\/\/jornaloalvorada.com.br\/site\/wp-json\/wp\/v2\/media\/2457"}],"wp:attachment":[{"href":"https:\/\/jornaloalvorada.com.br\/site\/wp-json\/wp\/v2\/media?parent=2456"}],"wp:term":[{"taxonomy":"category","embeddable":true,"href":"https:\/\/jornaloalvorada.com.br\/site\/wp-json\/wp\/v2\/categories?post=2456"},{"taxonomy":"post_tag","embeddable":true,"href":"https:\/\/jornaloalvorada.com.br\/site\/wp-json\/wp\/v2\/tags?post=2456"}],"curies":[{"name":"wp","href":"https:\/\/api.w.org\/{rel}","templated":true}]}}