{"id":2446,"date":"2023-08-17T13:49:44","date_gmt":"2023-08-17T17:49:44","guid":{"rendered":"https:\/\/jornaloalvorada.com.br\/site\/?p=2446"},"modified":"2023-08-17T13:51:40","modified_gmt":"2023-08-17T17:51:40","slug":"prefeito-jose-paleari-participa-da-cerimonia-de-assinaturas-e-liberacao-de-emendas-parlamentares-202","status":"publish","type":"post","link":"https:\/\/jornaloalvorada.com.br\/site\/2023\/08\/17\/prefeito-jose-paleari-participa-da-cerimonia-de-assinaturas-e-liberacao-de-emendas-parlamentares-202\/","title":{"rendered":"Prefeito Jos\u00e9 Paleari participa da Cerim\u00f4nia de Assinaturas e Libera\u00e7\u00e3o de Emendas Parlamentares &#8211; 202."},"content":{"rendered":"\n<p><span class=\"x193iq5w xeuugli x13faqbe x1vvkbs x1xmvt09 x1lliihq x1s928wv xhkezso x1gmr53x x1cpjm7i x1fgarty x1943h6x xudqn12 x3x7a5m x6prxxf xvq8zen xo1l8bm xzsf02u x1yc453h\" dir=\"auto\"><div class=\"x11i5rnm xat24cr x1mh8g0r x1vvkbs xtlvy1s x126k92a\"><div dir=\"auto\" style=\"text-align:start\">Evento que contou com a presen\u00e7a do nosso Governador Eduardo Riedel e diversas autoridades do nosso estado.E mais uma not\u00edcia boa para o nosso munic\u00edpio. Estamos retornando com mais de 400 mil reais que ser\u00e3o destinados a sa\u00fade de Nova Alvorada do Sul, atrav\u00e9s das emendas parlamentares dos deputados;Z\u00e9 Teixeira &#8211; 200 Mil Reais Jamilson Name &#8211; 80 Mil Reais Pedro Pedrossian Neto &#8211; 80 Mil Reais Jo\u00e3o C\u00e9sar Matogrosso &#8211; 50 Mil Reais Acompanhe nossas redes s\u00f3cias e fique por dentro das nossas a\u00e7\u00f5es e onde ser\u00e3o investidos estes recursos destinados a nossa sa\u00fade municipal.Trabalho, Compromisso e Responsabilidade.<\/div><\/div><\/span><\/p>\n\n\n\n<div class=\"wp-block-buttons is-layout-flex wp-block-buttons-is-layout-flex\">\n<div class=\"wp-block-button\"><a class=\"wp-block-button__link wp-element-button\" href=\"https:\/\/www.facebook.com\/photo?fbid=740920038045750&amp;set=pcb.740921628045591\" target=\"_blank\" rel=\"noreferrer noopener\">VEJA MAIS FOTOS; CLIQUE AQUI !!!<\/a><\/div>\n<\/div>\n","protected":false},"excerpt":{"rendered":"<p>Evento que contou com a presen\u00e7a do nosso Governador Eduardo Riedel e diversas autoridades do nosso estado.E mais uma not\u00edcia<\/p>\n","protected":false},"author":1,"featured_media":2447,"comment_status":"open","ping_status":"open","sticky":false,"template":"","format":"standard","meta":{"footnotes":""},"categories":[2],"tags":[],"class_list":["post-2446","post","type-post","status-publish","format-standard","has-post-thumbnail","hentry","category-noticias"],"_links":{"self":[{"href":"https:\/\/jornaloalvorada.com.br\/site\/wp-json\/wp\/v2\/posts\/2446","targetHints":{"allow":["GET"]}}],"collection":[{"href":"https:\/\/jornaloalvorada.com.br\/site\/wp-json\/wp\/v2\/posts"}],"about":[{"href":"https:\/\/jornaloalvorada.com.br\/site\/wp-json\/wp\/v2\/types\/post"}],"author":[{"embeddable":true,"href":"https:\/\/jornaloalvorada.com.br\/site\/wp-json\/wp\/v2\/users\/1"}],"replies":[{"embeddable":true,"href":"https:\/\/jornaloalvorada.com.br\/site\/wp-json\/wp\/v2\/comments?post=2446"}],"version-history":[{"count":3,"href":"https:\/\/jornaloalvorada.com.br\/site\/wp-json\/wp\/v2\/posts\/2446\/revisions"}],"predecessor-version":[{"id":2450,"href":"https:\/\/jornaloalvorada.com.br\/site\/wp-json\/wp\/v2\/posts\/2446\/revisions\/2450"}],"wp:featuredmedia":[{"embeddable":true,"href":"https:\/\/jornaloalvorada.com.br\/site\/wp-json\/wp\/v2\/media\/2447"}],"wp:attachment":[{"href":"https:\/\/jornaloalvorada.com.br\/site\/wp-json\/wp\/v2\/media?parent=2446"}],"wp:term":[{"taxonomy":"category","embeddable":true,"href":"https:\/\/jornaloalvorada.com.br\/site\/wp-json\/wp\/v2\/categories?post=2446"},{"taxonomy":"post_tag","embeddable":true,"href":"https:\/\/jornaloalvorada.com.br\/site\/wp-json\/wp\/v2\/tags?post=2446"}],"curies":[{"name":"wp","href":"https:\/\/api.w.org\/{rel}","templated":true}]}}