{"id":2439,"date":"2023-08-16T16:56:45","date_gmt":"2023-08-16T20:56:45","guid":{"rendered":"https:\/\/jornaloalvorada.com.br\/site\/?p=2439"},"modified":"2023-08-16T16:56:48","modified_gmt":"2023-08-16T20:56:48","slug":"paul-mccartney-anuncia-terceiro-show-extra-em-sao-paulo-saiba-detalhes","status":"publish","type":"post","link":"https:\/\/jornaloalvorada.com.br\/site\/2023\/08\/16\/paul-mccartney-anuncia-terceiro-show-extra-em-sao-paulo-saiba-detalhes\/","title":{"rendered":"Paul McCartney anuncia terceiro show extra em S\u00e3o Paulo; saiba detalhes"},"content":{"rendered":"\n<p>O cantor <a href=\"https:\/\/jovempan.com.br\/tag\/paul-mccartney\"><strong>Paul McCartney<\/strong><\/a> anunciou uma terceira apresenta\u00e7\u00e3o na cidade de <a href=\"https:\/\/jovempan.com.br\/tag\/sao-paulo\"><strong>S\u00e3o Paulo<\/strong><\/a>. Ap\u00f3s esgotar duas datas agendadas para o<a href=\"https:\/\/jovempan.com.br\/tag\/allianz-parque\"> <strong>Allianz Parque<\/strong><\/a> nos dias 7 e 9 de dezembro, o beatle confirmou o terceiro <a href=\"https:\/\/jovempan.com.br\/tag\/shows\"><strong>show<\/strong> <\/a>para  o dia 10 do mesmo m\u00eas. Os shows fazem parte da turn\u00ea \u201cGot Back\u201d, que  tamb\u00e9m passa por Bras\u00edlia (30\/11), Belo Horizonte (3\/12) e Curitiba  (13\/12). O \u00faltimo show acontece no Rio de Janeiro, no Est\u00e1dio do  Maracan\u00e3, com ingressos esgotados. O evento \u00e9 o primeiro agendado no  local ap\u00f3s uma sequ\u00eancia de quase 5 anos sem shows internacionais no  est\u00e1dio hist\u00f3rico. Para comprar os ingressos do terceiro show de  McCartney, p\u00fablico deve acessar o site oficial de vendas a partir das  14h desta quinta-feira, 17. Para vendas f\u00edsicas gerais, os ingressos  estar\u00e3o dispon\u00edveis na mesma data, a partir das 15h, na bilheteria do  Allianz Parque. Os clientes do Banco BRB t\u00eam acesso antecipado \u00e0s  entradas e podem adquiri-las a partir das 14h do dia 15. Os pre\u00e7os  variam entre R$ 210 e R$ 990. Veja a seguir mais detalhes:<\/p>\n\n\n\n<p><div class=\"container\" dir=\"ltr\" lang=\"pt-BR\"><div class=\"content\"><div class=\"moz-reader-content reader-show-element\"><div id=\"readability-page-1\" class=\"page\"><article id=\"post-1455270\"><div><p>Ingressos:<\/p><\/div><\/article><\/div><\/div><\/div><\/div>Pista Premium \u2013\u00a0 R$ 990 (inteira) \/ R$ 445 (meia)<\/p>\n\n\n\n<p>Cadeira Inferior \u2013 R$ 780 (inteira) \/ R$ 390 (meia)<\/p>\n\n\n\n<p>Pista \u2013 R$ 650 (inteira) \/ R$ 325 (meia)<\/p>\n\n\n\n<p>Cadeira Superior \u2013 R$ 420 (inteira) \/ R$ 210 (meia)<em> <\/em><\/p>\n\n\n\n<p><em>Fonte: Jovem Pan<\/em><\/p>\n","protected":false},"excerpt":{"rendered":"<p>O cantor Paul McCartney anunciou uma terceira apresenta\u00e7\u00e3o na cidade de S\u00e3o Paulo. Ap\u00f3s esgotar duas datas agendadas para o<\/p>\n","protected":false},"author":1,"featured_media":2440,"comment_status":"open","ping_status":"open","sticky":false,"template":"","format":"standard","meta":{"footnotes":""},"categories":[3],"tags":[],"class_list":["post-2439","post","type-post","status-publish","format-standard","has-post-thumbnail","hentry","category-social"],"_links":{"self":[{"href":"https:\/\/jornaloalvorada.com.br\/site\/wp-json\/wp\/v2\/posts\/2439","targetHints":{"allow":["GET"]}}],"collection":[{"href":"https:\/\/jornaloalvorada.com.br\/site\/wp-json\/wp\/v2\/posts"}],"about":[{"href":"https:\/\/jornaloalvorada.com.br\/site\/wp-json\/wp\/v2\/types\/post"}],"author":[{"embeddable":true,"href":"https:\/\/jornaloalvorada.com.br\/site\/wp-json\/wp\/v2\/users\/1"}],"replies":[{"embeddable":true,"href":"https:\/\/jornaloalvorada.com.br\/site\/wp-json\/wp\/v2\/comments?post=2439"}],"version-history":[{"count":1,"href":"https:\/\/jornaloalvorada.com.br\/site\/wp-json\/wp\/v2\/posts\/2439\/revisions"}],"predecessor-version":[{"id":2441,"href":"https:\/\/jornaloalvorada.com.br\/site\/wp-json\/wp\/v2\/posts\/2439\/revisions\/2441"}],"wp:featuredmedia":[{"embeddable":true,"href":"https:\/\/jornaloalvorada.com.br\/site\/wp-json\/wp\/v2\/media\/2440"}],"wp:attachment":[{"href":"https:\/\/jornaloalvorada.com.br\/site\/wp-json\/wp\/v2\/media?parent=2439"}],"wp:term":[{"taxonomy":"category","embeddable":true,"href":"https:\/\/jornaloalvorada.com.br\/site\/wp-json\/wp\/v2\/categories?post=2439"},{"taxonomy":"post_tag","embeddable":true,"href":"https:\/\/jornaloalvorada.com.br\/site\/wp-json\/wp\/v2\/tags?post=2439"}],"curies":[{"name":"wp","href":"https:\/\/api.w.org\/{rel}","templated":true}]}}