{"id":2407,"date":"2023-08-15T08:48:38","date_gmt":"2023-08-15T12:48:38","guid":{"rendered":"https:\/\/jornaloalvorada.com.br\/site\/?p=2407"},"modified":"2023-08-15T08:48:40","modified_gmt":"2023-08-15T12:48:40","slug":"terca-feira-tera-muitas-nuvens-e-possibilidade-de-chuvas-isoladas-em-mato-grosso-do-sul","status":"publish","type":"post","link":"https:\/\/jornaloalvorada.com.br\/site\/2023\/08\/15\/terca-feira-tera-muitas-nuvens-e-possibilidade-de-chuvas-isoladas-em-mato-grosso-do-sul\/","title":{"rendered":"Ter\u00e7a-feira ter\u00e1 muitas nuvens e possibilidade de chuvas isoladas em Mato Grosso do Sul"},"content":{"rendered":"\n<p><div id=\"page\" class=\"hfeed site\"><div id=\"main\" class=\"clearfix\"><div class=\"inner-wrap clearfix\"><div id=\"primary\"><div id=\"content\" class=\"clearfix\"><article id=\"post-3025\" class=\"post-3025 post type-post status-publish format-standard has-post-thumbnail hentry category-clima\"><div class=\"article-content clearfix\"><div class=\"entry-content clearfix\"><p>A previs\u00e3o do Cemtec (Centro de Monitoramento do  Tempo e do Clima)  para ter\u00e7a-feira (15) indica tempo est\u00e1vel, com sol e  varia\u00e7\u00e3o de  nebulosidade em grande parte do Estado devido ao avan\u00e7o da  alta  p\u00f3s-frontal. Por\u00e9m, podem ocorrer pancadas de chuvas bem isoladas,  com  destaque para as regi\u00f5es sul e leste.<\/p><p>O Cemtec prev\u00ea que em Campo Grande ter\u00e1 m\u00ednima de 21\u00b0C e m\u00e1xima de   28\u00b0C. Em Dourados, 18\u00b0C pela manh\u00e3 e 31\u00baC pela tarde. No leste do   Estado, em Anauril\u00e2ndia, os term\u00f4metros marcam 19\u00b0C inicialmente e sobem   at\u00e9 os 31\u00baC. No Cone-sul, Iguatemi registra m\u00ednima de 17\u00b0C e m\u00e1xima de   30\u00b0C. <\/p><p>Em Corumb\u00e1, na regi\u00e3o pantaneira, a m\u00ednima ser\u00e1 de 21\u00b0C e m\u00e1xima de   31\u00b0C; Aquidauana ter\u00e1 varia\u00e7\u00e3o entre 21\u00b0C e 33\u00b0C. No sudoeste, Porto   Murtinho amanhece com 20\u00b0C e atinge os 35\u00b0C ao longo do dia. No norte,   Coxim com m\u00ednima de 23\u00b0C e m\u00e1xima de 34\u00b0C. No Bols\u00e3o, Tr\u00eas Lagoas   registra 21\u00b0C pela manh\u00e3 e 32\u00b0C de tarde. <\/p><p><em>Jo\u00e3o Pedro Flores, Programa de Est\u00e1gio Supervisionado<\/em> <em>Foto: \u00c1lvaro Rezende<\/em><\/p><\/div><\/div><\/article><\/div><\/div><\/div><\/div><\/div> <\/p>\n","protected":false},"excerpt":{"rendered":"<p>A previs\u00e3o do Cemtec (Centro de Monitoramento do Tempo e do Clima) para ter\u00e7a-feira (15) indica tempo est\u00e1vel, com sol<\/p>\n","protected":false},"author":1,"featured_media":2408,"comment_status":"open","ping_status":"open","sticky":false,"template":"","format":"standard","meta":{"footnotes":""},"categories":[2],"tags":[],"class_list":["post-2407","post","type-post","status-publish","format-standard","has-post-thumbnail","hentry","category-noticias"],"_links":{"self":[{"href":"https:\/\/jornaloalvorada.com.br\/site\/wp-json\/wp\/v2\/posts\/2407","targetHints":{"allow":["GET"]}}],"collection":[{"href":"https:\/\/jornaloalvorada.com.br\/site\/wp-json\/wp\/v2\/posts"}],"about":[{"href":"https:\/\/jornaloalvorada.com.br\/site\/wp-json\/wp\/v2\/types\/post"}],"author":[{"embeddable":true,"href":"https:\/\/jornaloalvorada.com.br\/site\/wp-json\/wp\/v2\/users\/1"}],"replies":[{"embeddable":true,"href":"https:\/\/jornaloalvorada.com.br\/site\/wp-json\/wp\/v2\/comments?post=2407"}],"version-history":[{"count":1,"href":"https:\/\/jornaloalvorada.com.br\/site\/wp-json\/wp\/v2\/posts\/2407\/revisions"}],"predecessor-version":[{"id":2409,"href":"https:\/\/jornaloalvorada.com.br\/site\/wp-json\/wp\/v2\/posts\/2407\/revisions\/2409"}],"wp:featuredmedia":[{"embeddable":true,"href":"https:\/\/jornaloalvorada.com.br\/site\/wp-json\/wp\/v2\/media\/2408"}],"wp:attachment":[{"href":"https:\/\/jornaloalvorada.com.br\/site\/wp-json\/wp\/v2\/media?parent=2407"}],"wp:term":[{"taxonomy":"category","embeddable":true,"href":"https:\/\/jornaloalvorada.com.br\/site\/wp-json\/wp\/v2\/categories?post=2407"},{"taxonomy":"post_tag","embeddable":true,"href":"https:\/\/jornaloalvorada.com.br\/site\/wp-json\/wp\/v2\/tags?post=2407"}],"curies":[{"name":"wp","href":"https:\/\/api.w.org\/{rel}","templated":true}]}}