{"id":2404,"date":"2023-08-14T17:40:00","date_gmt":"2023-08-14T21:40:00","guid":{"rendered":"https:\/\/jornaloalvorada.com.br\/site\/?p=2404"},"modified":"2023-08-14T18:43:49","modified_gmt":"2023-08-14T22:43:49","slug":"zeze-di-camargo-fala-sobre-caso-larissa-manoela-surpresa-imensa","status":"publish","type":"post","link":"https:\/\/jornaloalvorada.com.br\/site\/2023\/08\/14\/zeze-di-camargo-fala-sobre-caso-larissa-manoela-surpresa-imensa\/","title":{"rendered":"Zez\u00e9 di Camargo fala sobre caso Larissa Manoela: &#8220;Surpresa imensa&#8221;"},"content":{"rendered":"\n<p>Convidado do <em>Encontro com Patr\u00edcia Poeta<\/em> desta  segunda-feira, 14, o cantor Zez\u00e9 di Camargo falou sobre o assunto do  momento: a turbulenta rela\u00e7\u00e3o de Larissa Manoela com os pais, Silvana e  Gilberto. O m\u00fasico conhece a atriz e sua fam\u00edlia.<\/p>\n\n\n\n<p>&#8220;Conhe\u00e7o a Larissa e a m\u00e3e dela, principalmente, desde que ela era crian\u00e7a. N\u00f3s grav\u00e1vamos nossos discos no est\u00fadio em S\u00e3o Paulo. A m\u00e3e dela, por ser f\u00e3 da gente, levava ela no est\u00fadio. Ficava at\u00e9 2, 3h da manh\u00e3, vendo a gente gravar&#8221;, contou. Para ele, a rela\u00e7\u00e3o \u00e9 pura e verdadeira. &#8220;Eu cresci vendo elas juntas. Aquilo para mim \u00e9 uma rela\u00e7\u00e3o de m\u00e3e e filha.&#8221;<\/p>\n\n\n\n<p>&#8220;Mas a gente n\u00e3o pode se intrometer, porque a gente n\u00e3o sabe da verdade que rola realmente por tr\u00e1s de cada situa\u00e7\u00e3o. O que eu tor\u00e7o \u00e9 para que as coisas se resolvam da melhor maneira poss\u00edvel. Que ela, sendo a filha amada pelo pai e pela m\u00e3e, e o pai e a m\u00e3e sendo os pais amados por ela.&#8221;, disse Zez\u00e9<\/p>\n\n\n\n<h3 class=\"wp-block-heading\"><strong>Rela\u00e7\u00e3o com Wanessa e fam\u00edlia<\/strong><\/h3>\n\n\n\n<p>Zez\u00e9 ainda lembrou a rela\u00e7\u00e3o que tem com a sua fam\u00edlia. &#8220;A gente sofria por n\u00e3o ter, muitas vezes, o que comer no pr\u00f3ximo dia&#8221;, contou o irm\u00e3o de Luciano. &#8220;E isso nos unia, a falta de n\u00e3o ter o que comer fortalecia a nossa rela\u00e7\u00e3o.&#8221;<\/p>\n\n\n\n<p>Perguntado sobre como foi com Wanessa, sua filha, ele negou ter um envolvimento t\u00e3o significativo quanto os pais de Larissa. &#8220;O dinheiro era dela e quem cuidava da carreira dela era a m\u00e3e dela. Nunca soube o que a Wanessa ganhava&#8221;, revelou. &#8220;O que eu ajudei foi ela arrumar uma gravadora, porque eu j\u00e1 tinha um prest\u00edgio diante das gravadoras. Quando ela mostrou pra mim que tinha condi\u00e7\u00e3o de cantar, eu consegui o contrato. N\u00e3o porque ela era minha filha, mas por causa do talento dela&#8221;.<\/p>\n\n\n\n<p>&#8220;Em se tratando de dinheiro, eu nunca interferi&#8221;, ressaltou.<\/p>\n\n\n\n<h3 class=\"wp-block-heading\"><strong>Dueto com Mar\u00edlia Mendon\u00e7a<\/strong><\/h3>\n\n\n\n<p>Zez\u00e9 tamb\u00e9m contou sobre sua m\u00fasica com Mar\u00edlia Mendon\u00e7a, lan\u00e7ada postumamente no canal da cantora. &#8220;Infelizmente, aconteceu a trag\u00e9dia. Eu n\u00e3o quis lan\u00e7ar a m\u00fasica, falei pra m\u00e3e dela: Se voc\u00eas quiserem lan\u00e7ar, voc\u00eas lan\u00e7am. Se quiserem guardar, voc\u00eas guardam. \u00c9 um presente&#8221;.<\/p>\n\n\n\n<p>&#8220;Porque o meu sonho era cantar com ela viva. E passou um ano e pouco, e a m\u00e3e dela disse que a gente n\u00e3o ia tirar isso dos f\u00e3s da Mar\u00edlia. E \u00e9 uma das m\u00fasicas mais ouvidas do Brasil&#8221;, revelou.<\/p>\n\n\n\n<p><em>Fonte: Correio Braziliense<\/em><\/p>\n","protected":false},"excerpt":{"rendered":"<p>Convidado do Encontro com Patr\u00edcia Poeta desta segunda-feira, 14, o cantor Zez\u00e9 di Camargo falou sobre o assunto do momento:<\/p>\n","protected":false},"author":1,"featured_media":2405,"comment_status":"open","ping_status":"open","sticky":false,"template":"","format":"standard","meta":{"footnotes":""},"categories":[3],"tags":[],"class_list":["post-2404","post","type-post","status-publish","format-standard","has-post-thumbnail","hentry","category-social"],"_links":{"self":[{"href":"https:\/\/jornaloalvorada.com.br\/site\/wp-json\/wp\/v2\/posts\/2404","targetHints":{"allow":["GET"]}}],"collection":[{"href":"https:\/\/jornaloalvorada.com.br\/site\/wp-json\/wp\/v2\/posts"}],"about":[{"href":"https:\/\/jornaloalvorada.com.br\/site\/wp-json\/wp\/v2\/types\/post"}],"author":[{"embeddable":true,"href":"https:\/\/jornaloalvorada.com.br\/site\/wp-json\/wp\/v2\/users\/1"}],"replies":[{"embeddable":true,"href":"https:\/\/jornaloalvorada.com.br\/site\/wp-json\/wp\/v2\/comments?post=2404"}],"version-history":[{"count":1,"href":"https:\/\/jornaloalvorada.com.br\/site\/wp-json\/wp\/v2\/posts\/2404\/revisions"}],"predecessor-version":[{"id":2406,"href":"https:\/\/jornaloalvorada.com.br\/site\/wp-json\/wp\/v2\/posts\/2404\/revisions\/2406"}],"wp:featuredmedia":[{"embeddable":true,"href":"https:\/\/jornaloalvorada.com.br\/site\/wp-json\/wp\/v2\/media\/2405"}],"wp:attachment":[{"href":"https:\/\/jornaloalvorada.com.br\/site\/wp-json\/wp\/v2\/media?parent=2404"}],"wp:term":[{"taxonomy":"category","embeddable":true,"href":"https:\/\/jornaloalvorada.com.br\/site\/wp-json\/wp\/v2\/categories?post=2404"},{"taxonomy":"post_tag","embeddable":true,"href":"https:\/\/jornaloalvorada.com.br\/site\/wp-json\/wp\/v2\/tags?post=2404"}],"curies":[{"name":"wp","href":"https:\/\/api.w.org\/{rel}","templated":true}]}}