{"id":2397,"date":"2023-08-14T14:36:01","date_gmt":"2023-08-14T18:36:01","guid":{"rendered":"https:\/\/jornaloalvorada.com.br\/site\/?p=2397"},"modified":"2023-08-14T14:36:04","modified_gmt":"2023-08-14T18:36:04","slug":"mais-uma-conquista-para-nova-alvorada-do-sul","status":"publish","type":"post","link":"https:\/\/jornaloalvorada.com.br\/site\/2023\/08\/14\/mais-uma-conquista-para-nova-alvorada-do-sul\/","title":{"rendered":"Mais uma conquista para Nova Alvorada do Sul"},"content":{"rendered":"\n<p>Prefeito Jos\u00e9 Paulo Paleari, prefeito de Nova Alvorada do Sul, entrega mais um ve\u00edculo 0km para a Secretaria Municipal de Assist\u00eancia Social.<\/p>\n\n\n\n<p>Mais um ve\u00edculo que dar\u00e1 mais comodidade e seguran\u00e7a para os nossos servidores e contribuir\u00e1 muito com o atendimento da nossa popula\u00e7\u00e3o Sulnovaalvoradense.<\/p>\n\n\n\n<iframe loading=\"lazy\" src=\"https:\/\/www.facebook.com\/plugins\/video.php?height=476&#038;href=https%3A%2F%2Fwww.facebook.com%2Fjppaleari%2Fvideos%2F196281529926961%2F&#038;show_text=false&#038;width=267&#038;t=0\" width=\"267\" height=\"476\" style=\"border:none;overflow:hidden\" scrolling=\"no\" frameborder=\"0\" allowfullscreen=\"true\" allow=\"autoplay; clipboard-write; encrypted-media; picture-in-picture; web-share\" allowFullScreen=\"true\"><\/iframe>\n","protected":false},"excerpt":{"rendered":"<p>Prefeito Jos\u00e9 Paulo Paleari, prefeito de Nova Alvorada do Sul, entrega mais um ve\u00edculo 0km para a Secretaria Municipal de<\/p>\n","protected":false},"author":1,"featured_media":2398,"comment_status":"open","ping_status":"open","sticky":false,"template":"","format":"standard","meta":{"footnotes":""},"categories":[2],"tags":[],"class_list":["post-2397","post","type-post","status-publish","format-standard","has-post-thumbnail","hentry","category-noticias"],"_links":{"self":[{"href":"https:\/\/jornaloalvorada.com.br\/site\/wp-json\/wp\/v2\/posts\/2397","targetHints":{"allow":["GET"]}}],"collection":[{"href":"https:\/\/jornaloalvorada.com.br\/site\/wp-json\/wp\/v2\/posts"}],"about":[{"href":"https:\/\/jornaloalvorada.com.br\/site\/wp-json\/wp\/v2\/types\/post"}],"author":[{"embeddable":true,"href":"https:\/\/jornaloalvorada.com.br\/site\/wp-json\/wp\/v2\/users\/1"}],"replies":[{"embeddable":true,"href":"https:\/\/jornaloalvorada.com.br\/site\/wp-json\/wp\/v2\/comments?post=2397"}],"version-history":[{"count":1,"href":"https:\/\/jornaloalvorada.com.br\/site\/wp-json\/wp\/v2\/posts\/2397\/revisions"}],"predecessor-version":[{"id":2399,"href":"https:\/\/jornaloalvorada.com.br\/site\/wp-json\/wp\/v2\/posts\/2397\/revisions\/2399"}],"wp:featuredmedia":[{"embeddable":true,"href":"https:\/\/jornaloalvorada.com.br\/site\/wp-json\/wp\/v2\/media\/2398"}],"wp:attachment":[{"href":"https:\/\/jornaloalvorada.com.br\/site\/wp-json\/wp\/v2\/media?parent=2397"}],"wp:term":[{"taxonomy":"category","embeddable":true,"href":"https:\/\/jornaloalvorada.com.br\/site\/wp-json\/wp\/v2\/categories?post=2397"},{"taxonomy":"post_tag","embeddable":true,"href":"https:\/\/jornaloalvorada.com.br\/site\/wp-json\/wp\/v2\/tags?post=2397"}],"curies":[{"name":"wp","href":"https:\/\/api.w.org\/{rel}","templated":true}]}}