{"id":2391,"date":"2023-08-14T11:35:45","date_gmt":"2023-08-14T15:35:45","guid":{"rendered":"https:\/\/jornaloalvorada.com.br\/site\/?p=2391"},"modified":"2023-08-14T11:35:49","modified_gmt":"2023-08-14T15:35:49","slug":"zeze-di-camargo-revela-futuro-da-dupla-com-luciano-e-admite-problema-na-voz","status":"publish","type":"post","link":"https:\/\/jornaloalvorada.com.br\/site\/2023\/08\/14\/zeze-di-camargo-revela-futuro-da-dupla-com-luciano-e-admite-problema-na-voz\/","title":{"rendered":"Zez\u00e9 Di Camargo revela futuro da dupla com Luciano e admite problema na voz"},"content":{"rendered":"\n<p>Zez\u00e9 Di Camargo abriu o jogo sobre o futuro da dupla com o irm\u00e3o Luciano. O sertanejo explicou que al\u00e9m das apresenta\u00e7\u00f5es que eles fazem juntos, os irm\u00e3os t\u00eam hoje projetos solos. Enquanto ele faz shows com sua turn\u00ea ac\u00fastico, Luciano segue no gospel. A ideia, segundo o cantor, \u00e9 diminuir o ritmo da dupla j\u00e1 em 2024.<\/p>\n\n\n\n<p>\u201cA gente p\u00f5e a felicidade do irm\u00e3o na frente. Se a dupla, daqui a um ou dois anos n\u00e3o existir mais, pode n\u00e3o existir por uma consequ\u00eancia de que j\u00e1 cantamos pra caramba juntos. Acho que vamos diminuir o show da dupla no ano que vem. \u00c9 a minha pretens\u00e3o\u201d, revelou Zez\u00e9 em entrevista ao Pod ou Qu\u00e1.<\/p>\n\n\n\n<p>Aos 60 anos, o cantor admite n\u00e3o ter mais a mesma pot\u00eancia na voz para ficar fazendo tantos shows. Nos \u00faltimos meses circularam v\u00e1rios v\u00eddeos dele desafinando durante as apresenta\u00e7\u00f5es.<\/p>\n\n\n\n<p>\u201cN\u00e3o h\u00e1 necessidade de fazermos 17 shows por m\u00eas, como foi em junho, por exemplo. Mesmo porque, at\u00e9 a idade n\u00e3o permite. Hoje eu canso muito mais. A voz n\u00e3o tem mais aquela pot\u00eancia de quando eu tinha 30 anos, de quando eu estava come\u00e7ando. Podia cantar dez horas seguidas e a voz estava l\u00e1. Hoje eu canto duas horas e tem que ter um descanso, um exerc\u00edcio de voz\u201d, admitiu.<\/p>\n\n\n\n<p>\u201cPara eu manter a quantidade de shows do Zez\u00e9 Di Camargo &amp; Luciano, mais o meu show ac\u00fastico, a\u00ed eu estou morto. Ele (Luciano) tamb\u00e9m vai fazer as coisas gospel dele, que ele curte bastante, e acho que ano que vem a gente diminui bastante a agenda da dupla. Ele est\u00e1 bem pra caramba de voz, cantou a vida inteira de segunda voz, est\u00e1 com toda energia pela frente\u201d, explicou o pai de Wanessa.<\/p>\n\n\n\n<figure class=\"wp-block-image\"><img decoding=\"async\" src=\"https:\/\/s2-extra.glbimg.com\/gsDQuml8zEsTfW4DIww0_qICm2c=\/0x0:1600x967\/984x0\/smart\/filters:strip_icc()\/i.s3.glbimg.com\/v1\/AUTH_1f551ea7087a47f39ead75f64041559a\/internal_photos\/bs\/2023\/c\/z\/JwoG2kTx6ukbPuPF9AGg\/whatsapp-image-2023-08-13-at-13.46.51.jpeg\" alt=\"Zez\u00e9 Di Camargo fala do futuro da dupla com Luciano e problemas na voz \u2014 Foto: Reprodu\u00e7\u00e3o - Pod ou Qu\u00e1\"\/><figcaption class=\"wp-element-caption\">Zez\u00e9 Di Camargo fala do futuro da dupla com Luciano e problemas na voz \u2014 Foto: Reprodu\u00e7\u00e3o &#8211; Pod ou Qu\u00e1<\/figcaption><\/figure>\n\n\n\n<p><em>FONTE: terrabrasilnoticias.com<\/em><\/p>\n","protected":false},"excerpt":{"rendered":"<p>Zez\u00e9 Di Camargo abriu o jogo sobre o futuro da dupla com o irm\u00e3o Luciano. O sertanejo explicou que al\u00e9m<\/p>\n","protected":false},"author":1,"featured_media":2392,"comment_status":"open","ping_status":"open","sticky":false,"template":"","format":"standard","meta":{"footnotes":""},"categories":[3],"tags":[],"class_list":["post-2391","post","type-post","status-publish","format-standard","has-post-thumbnail","hentry","category-social"],"_links":{"self":[{"href":"https:\/\/jornaloalvorada.com.br\/site\/wp-json\/wp\/v2\/posts\/2391","targetHints":{"allow":["GET"]}}],"collection":[{"href":"https:\/\/jornaloalvorada.com.br\/site\/wp-json\/wp\/v2\/posts"}],"about":[{"href":"https:\/\/jornaloalvorada.com.br\/site\/wp-json\/wp\/v2\/types\/post"}],"author":[{"embeddable":true,"href":"https:\/\/jornaloalvorada.com.br\/site\/wp-json\/wp\/v2\/users\/1"}],"replies":[{"embeddable":true,"href":"https:\/\/jornaloalvorada.com.br\/site\/wp-json\/wp\/v2\/comments?post=2391"}],"version-history":[{"count":1,"href":"https:\/\/jornaloalvorada.com.br\/site\/wp-json\/wp\/v2\/posts\/2391\/revisions"}],"predecessor-version":[{"id":2393,"href":"https:\/\/jornaloalvorada.com.br\/site\/wp-json\/wp\/v2\/posts\/2391\/revisions\/2393"}],"wp:featuredmedia":[{"embeddable":true,"href":"https:\/\/jornaloalvorada.com.br\/site\/wp-json\/wp\/v2\/media\/2392"}],"wp:attachment":[{"href":"https:\/\/jornaloalvorada.com.br\/site\/wp-json\/wp\/v2\/media?parent=2391"}],"wp:term":[{"taxonomy":"category","embeddable":true,"href":"https:\/\/jornaloalvorada.com.br\/site\/wp-json\/wp\/v2\/categories?post=2391"},{"taxonomy":"post_tag","embeddable":true,"href":"https:\/\/jornaloalvorada.com.br\/site\/wp-json\/wp\/v2\/tags?post=2391"}],"curies":[{"name":"wp","href":"https:\/\/api.w.org\/{rel}","templated":true}]}}