{"id":2338,"date":"2023-08-07T15:51:00","date_gmt":"2023-08-07T19:51:00","guid":{"rendered":"https:\/\/jornaloalvorada.com.br\/site\/?p=2338"},"modified":"2023-08-08T15:58:10","modified_gmt":"2023-08-08T19:58:10","slug":"paleari-parabeniza-equipe-acnas-nasbike-que-representou-a-cidade-na-disputa-do-rei-rainha-crono-xcm-em-rochedinho","status":"publish","type":"post","link":"https:\/\/jornaloalvorada.com.br\/site\/2023\/08\/07\/paleari-parabeniza-equipe-acnas-nasbike-que-representou-a-cidade-na-disputa-do-rei-rainha-crono-xcm-em-rochedinho\/","title":{"rendered":"Paleari parabeniza equipe ACNAS- NASBIKE que representou a cidade na disputa do &#8220;REI &#038; RAINHA CRONO XCM&#8221; em Rochedinho"},"content":{"rendered":"\n<p>Hoje quero parabenizar mais uma vez a equipe ACNAS- NASBIKE que esteve representando Nova Alvorada do Sul na disputa do &#8220;REI &amp; RAINHA CRONO XCM&#8221; em Rochedinho, prova v\u00e1lida pelo Campeonato Estadual<\/p>\n\n\n\n<p><strong>Parab\u00e9ns<\/strong> a toda equipe que \u00e9 a atual campe\u00e3 do Estado do MS e que esteve representado Nova Alvorada do Sul com 18 atletas e trazendo para o munic\u00edpio 12 p\u00f3dios.<\/p>\n\n\n\n<p>Na Categoria Junior o Atleta @kaikiolivera Conquistou o 1\u00b0Lugar , com essa vit\u00f3ria ele se tornou Bicampe\u00e3o em sua categoria da Crono.<\/p>\n\n\n\n<p>Na Categoria Master A2 o Atleta @renan.ricardo.904 Conquistou o 1\u00b0Lugar, com essa vit\u00f3ria ele se tornou campe\u00e3o em sua categoria da Crono.<\/p>\n\n\n\n<p>Na Categoria Master A1 o Atleta @rodrigo.com.ms Conquistou o 3\u00b0Lugar<\/p>\n\n\n\n<p>Na Categoria Open Masculino os Atletas @cenci_andre Conquistou o 4\u00b0Lugar e @rogeriofortunatto Conquistou o 5\u00b0Lugar<\/p>\n\n\n\n<p>Na Categoria Master C2 os Atletas @sergiofermaudeoliveira Conquistou o 3\u00b0Lugar e @clovis.bittinger Conquistou o 4\u00b0Lugar<\/p>\n\n\n\n<p>Na Categoria Master A Feminina a Atleta @fabiana_bil Conquistou o 5\u00b0Lugar<\/p>\n\n\n\n<p>Na Categoria Master B Feminina a Atleta @anamaracenci Conquistou o 3\u00b0Lugar<\/p>\n\n\n\n<p>Na Categoria Open Feminina as Atletas @simonemachado169 Conquistou o 3\u00b0Lugar, a @lenitagodoydelgado Conquistou o 4\u00b0Lugar e @bruna.fortunato__ Conquistou o 5\u00b0Lugar<\/p>\n\n\n\n<p>Participaram do Race tamb\u00e9m os Atletas @francisco_reginaldo_silva @donetedias<\/p>\n\n\n\n<p>@eduardofv78 @lucianoatvos @puertamarina e @carlos.barros2403<\/p>\n\n\n\n<p>Apoiar todas as modalidades esportivas \u00e9 prioridade em nossa administra\u00e7\u00e3o.<\/p>\n\n\n\n<p>N\u00e3o \u00e9 por acaso que toda semana recebemos not\u00edcias de medalhas e trof\u00e9us que nossos representantes garantem por todo Brasil.<\/p>\n\n\n\n<p><strong>Parab\u00e9ns<\/strong> galera<img loading=\"lazy\" decoding=\"async\" alt=\"\ud83d\udc4f\ud83c\udffc\" src=\"https:\/\/static.xx.fbcdn.net\/images\/emoji.php\/v9\/t7a\/1\/16\/1f44f_1f3fc.png\" width=\"16\" height=\"16\"><img loading=\"lazy\" decoding=\"async\" alt=\"\ud83d\udc4f\ud83c\udffc\" src=\"https:\/\/static.xx.fbcdn.net\/images\/emoji.php\/v9\/t7a\/1\/16\/1f44f_1f3fc.png\" width=\"16\" height=\"16\"><img loading=\"lazy\" decoding=\"async\" alt=\"\ud83d\udc4f\ud83c\udffc\" src=\"https:\/\/static.xx.fbcdn.net\/images\/emoji.php\/v9\/t7a\/1\/16\/1f44f_1f3fc.png\" width=\"16\" height=\"16\"><\/p>\n\n\n\n<div class=\"wp-block-buttons is-layout-flex wp-block-buttons-is-layout-flex\">\n<div class=\"wp-block-button\"><a class=\"wp-block-button__link has-vivid-red-background-color has-background wp-element-button\" href=\"https:\/\/www.facebook.com\/photo?fbid=735114111959676&amp;set=pcb.735114395292981\" target=\"_blank\" rel=\"noreferrer noopener\">VEJA MAIS FOTOS; CLIQUE AQUI !!!<\/a><\/div>\n<\/div>\n","protected":false},"excerpt":{"rendered":"<p>Hoje quero parabenizar mais uma vez a equipe ACNAS- NASBIKE que esteve representando Nova Alvorada do Sul na disputa do<\/p>\n","protected":false},"author":1,"featured_media":2339,"comment_status":"open","ping_status":"open","sticky":false,"template":"","format":"standard","meta":{"footnotes":""},"categories":[3],"tags":[],"class_list":["post-2338","post","type-post","status-publish","format-standard","has-post-thumbnail","hentry","category-social"],"_links":{"self":[{"href":"https:\/\/jornaloalvorada.com.br\/site\/wp-json\/wp\/v2\/posts\/2338","targetHints":{"allow":["GET"]}}],"collection":[{"href":"https:\/\/jornaloalvorada.com.br\/site\/wp-json\/wp\/v2\/posts"}],"about":[{"href":"https:\/\/jornaloalvorada.com.br\/site\/wp-json\/wp\/v2\/types\/post"}],"author":[{"embeddable":true,"href":"https:\/\/jornaloalvorada.com.br\/site\/wp-json\/wp\/v2\/users\/1"}],"replies":[{"embeddable":true,"href":"https:\/\/jornaloalvorada.com.br\/site\/wp-json\/wp\/v2\/comments?post=2338"}],"version-history":[{"count":2,"href":"https:\/\/jornaloalvorada.com.br\/site\/wp-json\/wp\/v2\/posts\/2338\/revisions"}],"predecessor-version":[{"id":2342,"href":"https:\/\/jornaloalvorada.com.br\/site\/wp-json\/wp\/v2\/posts\/2338\/revisions\/2342"}],"wp:featuredmedia":[{"embeddable":true,"href":"https:\/\/jornaloalvorada.com.br\/site\/wp-json\/wp\/v2\/media\/2339"}],"wp:attachment":[{"href":"https:\/\/jornaloalvorada.com.br\/site\/wp-json\/wp\/v2\/media?parent=2338"}],"wp:term":[{"taxonomy":"category","embeddable":true,"href":"https:\/\/jornaloalvorada.com.br\/site\/wp-json\/wp\/v2\/categories?post=2338"},{"taxonomy":"post_tag","embeddable":true,"href":"https:\/\/jornaloalvorada.com.br\/site\/wp-json\/wp\/v2\/tags?post=2338"}],"curies":[{"name":"wp","href":"https:\/\/api.w.org\/{rel}","templated":true}]}}