{"id":2321,"date":"2023-08-07T11:00:00","date_gmt":"2023-08-07T15:00:00","guid":{"rendered":"https:\/\/jornaloalvorada.com.br\/site\/?p=2321"},"modified":"2023-08-08T16:00:52","modified_gmt":"2023-08-08T20:00:52","slug":"renegocia-consumidor-tem-ate-11-de-agosto-para-renegociar-dividas","status":"publish","type":"post","link":"https:\/\/jornaloalvorada.com.br\/site\/2023\/08\/07\/renegocia-consumidor-tem-ate-11-de-agosto-para-renegociar-dividas\/","title":{"rendered":"Renegocia!: consumidor tem at\u00e9 11 de agosto para renegociar d\u00edvidas"},"content":{"rendered":"\n<p>O prazo para participar do Renegocia! \u2013 Mutir\u00e3o de Negocia\u00e7\u00e3o de D\u00edvidas encerra no dia 11 de agosto, mas o consumidor precisa estar atento aos documentos necess\u00e1rios para contar com o apoio dos procons de todo Pa\u00eds na renegocia\u00e7\u00e3o de seus d\u00e9bitos em atraso, exceto os casos de pens\u00e3o aliment\u00edcia, cr\u00e9dito rural e imobili\u00e1rio.<\/p>\n\n\n\n<p>Interessados precisam apresentar documento de identifica\u00e7\u00e3o oficial com foto e o contrato da d\u00edvida, com identifica\u00e7\u00e3o da empresa. Assim, para confirmar o d\u00e9bito, vale apresentar a fatura de cobran\u00e7a, carn\u00ea de parcelamento ou mesmo comprovantes de pagamento de produto e\/ou servi\u00e7o. Extratos emitidos por empresas de prote\u00e7\u00e3o ao cr\u00e9dito tamb\u00e9m auxiliam no processo de atendimento.<\/p>\n\n\n\n<p>Em Campo Grande, a renegocia\u00e7\u00e3o pode ser formalizada no Procon\/MS (Secretaria-Executiva de Orienta\u00e7\u00e3o e Defesa do Consumidor), institui\u00e7\u00e3o vinculada \u00e0 Sead (Secretaria de Estado de Assist\u00eancia Social e dos Direitos Humanos), e no Procon Campo Grande.<\/p>\n\n\n\n<p>Atendimentos presenciais est\u00e3o dispon\u00edveis das 7h \u00e0s 19h no Procon\/MS, localizado na Rua 13 de Junho, n\u00ba 930, Centro. J\u00e1 o Procon Campo Grande est\u00e1 aberto das 7h30 \u00e0s 11h e das 13h \u00e0s 17h30 na Avenida Afonso Pena, n\u00ba 3128, Centro.<\/p>\n\n\n\n<p><strong>Renegocia!<\/strong><\/p>\n\n\n\n<p>De iniciativa da Senacon (Secretaria Nacional do Consumidor), do Minist\u00e9rio da Justi\u00e7a, a a\u00e7\u00e3o visa prevenir o superendividamento, quando o consumidor tem um n\u00edvel de endividamento que ultrapassa sua capacidade de pagamento.<\/p>\n\n\n\n<p>Podem ser renegociados no mutir\u00e3o os d\u00e9bitos banc\u00e1rios e n\u00e3o banc\u00e1rios, independente do valor da d\u00edvida e da renda do consumidor. Todo o processo \u00e9 acompanhado pelos \u00f3rg\u00e3os de defesa do consumidor, sendo ainda poss\u00edvel protocolar pedido de renegocia\u00e7\u00e3o na plataforma <a href=\"http:\/\/www.consumidor.gov.br\">consumidor.gov.br<\/a>.<\/p>\n\n\n\n<p><em>Kleber Clajus, Procon\/MS<\/em><\/p>\n","protected":false},"excerpt":{"rendered":"<p>O prazo para participar do Renegocia! \u2013 Mutir\u00e3o de Negocia\u00e7\u00e3o de D\u00edvidas encerra no dia 11 de agosto, mas o<\/p>\n","protected":false},"author":1,"featured_media":2322,"comment_status":"open","ping_status":"open","sticky":false,"template":"","format":"standard","meta":{"footnotes":""},"categories":[2],"tags":[],"class_list":["post-2321","post","type-post","status-publish","format-standard","has-post-thumbnail","hentry","category-noticias"],"_links":{"self":[{"href":"https:\/\/jornaloalvorada.com.br\/site\/wp-json\/wp\/v2\/posts\/2321","targetHints":{"allow":["GET"]}}],"collection":[{"href":"https:\/\/jornaloalvorada.com.br\/site\/wp-json\/wp\/v2\/posts"}],"about":[{"href":"https:\/\/jornaloalvorada.com.br\/site\/wp-json\/wp\/v2\/types\/post"}],"author":[{"embeddable":true,"href":"https:\/\/jornaloalvorada.com.br\/site\/wp-json\/wp\/v2\/users\/1"}],"replies":[{"embeddable":true,"href":"https:\/\/jornaloalvorada.com.br\/site\/wp-json\/wp\/v2\/comments?post=2321"}],"version-history":[{"count":1,"href":"https:\/\/jornaloalvorada.com.br\/site\/wp-json\/wp\/v2\/posts\/2321\/revisions"}],"predecessor-version":[{"id":2323,"href":"https:\/\/jornaloalvorada.com.br\/site\/wp-json\/wp\/v2\/posts\/2321\/revisions\/2323"}],"wp:featuredmedia":[{"embeddable":true,"href":"https:\/\/jornaloalvorada.com.br\/site\/wp-json\/wp\/v2\/media\/2322"}],"wp:attachment":[{"href":"https:\/\/jornaloalvorada.com.br\/site\/wp-json\/wp\/v2\/media?parent=2321"}],"wp:term":[{"taxonomy":"category","embeddable":true,"href":"https:\/\/jornaloalvorada.com.br\/site\/wp-json\/wp\/v2\/categories?post=2321"},{"taxonomy":"post_tag","embeddable":true,"href":"https:\/\/jornaloalvorada.com.br\/site\/wp-json\/wp\/v2\/tags?post=2321"}],"curies":[{"name":"wp","href":"https:\/\/api.w.org\/{rel}","templated":true}]}}