{"id":2313,"date":"2023-08-07T08:03:22","date_gmt":"2023-08-07T12:03:22","guid":{"rendered":"https:\/\/jornaloalvorada.com.br\/site\/?p=2313"},"modified":"2023-08-07T08:03:26","modified_gmt":"2023-08-07T12:03:26","slug":"segunda-feira-tera-tempo-quente-e-seco-em-ms-preve-meteorologia","status":"publish","type":"post","link":"https:\/\/jornaloalvorada.com.br\/site\/2023\/08\/07\/segunda-feira-tera-tempo-quente-e-seco-em-ms-preve-meteorologia\/","title":{"rendered":"Segunda-feira ter\u00e1 tempo quente e seco em MS, prev\u00ea meteorologia"},"content":{"rendered":"\n<p>Mato Grosso do Sul ter\u00e1 mais um dia de tempo seco e quente, segundo a previs\u00e3o. De acordo com a meteorologista Valesca Fernandes, em grande parte do Estado a tend\u00eancia \u00e9 de tempo est\u00e1vel com sol e varia\u00e7\u00e3o de nebulosidade devido a forma\u00e7\u00e3o de um bloqueio atmosf\u00e9rico que inibe a forma\u00e7\u00e3o de nuvens de chuvas.<\/p>\n\n\n\n<p>Com mais de 30 dias sem chuvas em algumas regi\u00f5es, a coordenadora do Cemtec (Centro de Monitoramento do Tempo e do Clima) alerta ser necess\u00e1rio cuidado porque o ambiente atmosf\u00e9rico est\u00e1 prop\u00edcio para a ocorr\u00eancia de inc\u00eandios florestais.<\/p>\n\n\n\n<p>\u00c9 recomend\u00e1vel tamb\u00e9m cuidar da sa\u00fade, umidificando os ambientes, bebendo bastante l\u00edquido, usando soro fisiol\u00f3gico nas narinas e evitando exposi\u00e7\u00e3o ao sol nos hor\u00e1rios mais quentes e secos do dia..<\/p>\n\n\n\n<p>Segundo o Inmet (Instituto Nacional de Meteorologia), em Campo Grande, a temperatura m\u00ednima prevista \u00e9 de 22\u00b0C e a m\u00e1xima de 36\u00baC.&nbsp;<\/p>\n\n\n\n<p><em>Paulo Fernandes, Comunica\u00e7\u00e3o do Governo de MS<\/em><\/p>\n\n\n\n<p><em>Foto: Bruno Rezende<\/em><\/p>\n","protected":false},"excerpt":{"rendered":"<p>Mato Grosso do Sul ter\u00e1 mais um dia de tempo seco e quente, segundo a previs\u00e3o. De acordo com a<\/p>\n","protected":false},"author":1,"featured_media":1666,"comment_status":"open","ping_status":"open","sticky":false,"template":"","format":"standard","meta":{"footnotes":""},"categories":[2],"tags":[],"class_list":["post-2313","post","type-post","status-publish","format-standard","has-post-thumbnail","hentry","category-noticias"],"_links":{"self":[{"href":"https:\/\/jornaloalvorada.com.br\/site\/wp-json\/wp\/v2\/posts\/2313","targetHints":{"allow":["GET"]}}],"collection":[{"href":"https:\/\/jornaloalvorada.com.br\/site\/wp-json\/wp\/v2\/posts"}],"about":[{"href":"https:\/\/jornaloalvorada.com.br\/site\/wp-json\/wp\/v2\/types\/post"}],"author":[{"embeddable":true,"href":"https:\/\/jornaloalvorada.com.br\/site\/wp-json\/wp\/v2\/users\/1"}],"replies":[{"embeddable":true,"href":"https:\/\/jornaloalvorada.com.br\/site\/wp-json\/wp\/v2\/comments?post=2313"}],"version-history":[{"count":1,"href":"https:\/\/jornaloalvorada.com.br\/site\/wp-json\/wp\/v2\/posts\/2313\/revisions"}],"predecessor-version":[{"id":2314,"href":"https:\/\/jornaloalvorada.com.br\/site\/wp-json\/wp\/v2\/posts\/2313\/revisions\/2314"}],"wp:featuredmedia":[{"embeddable":true,"href":"https:\/\/jornaloalvorada.com.br\/site\/wp-json\/wp\/v2\/media\/1666"}],"wp:attachment":[{"href":"https:\/\/jornaloalvorada.com.br\/site\/wp-json\/wp\/v2\/media?parent=2313"}],"wp:term":[{"taxonomy":"category","embeddable":true,"href":"https:\/\/jornaloalvorada.com.br\/site\/wp-json\/wp\/v2\/categories?post=2313"},{"taxonomy":"post_tag","embeddable":true,"href":"https:\/\/jornaloalvorada.com.br\/site\/wp-json\/wp\/v2\/tags?post=2313"}],"curies":[{"name":"wp","href":"https:\/\/api.w.org\/{rel}","templated":true}]}}